{"id":48442,"date":"2016-04-23T08:17:24","date_gmt":"2016-04-23T07:17:24","guid":{"rendered":"http:\/\/2horizontes.com\/?p=48442"},"modified":"2016-04-23T08:17:24","modified_gmt":"2016-04-23T07:17:24","slug":"un-numero-record-de-175-paises-firmo-en-la-onu-acuerdo-de-cambio-climatico","status":"publish","type":"post","link":"https:\/\/2horizontes.com\/?p=48442","title":{"rendered":"Un n\u00famero r\u00e9cord de 175 pa\u00edses firm\u00f3 en la ONU acuerdo de cambio clim\u00e1tico"},"content":{"rendered":"<p>AFP<\/p>\n<p>EE.UU.<\/p>\n<p>Un r\u00e9cord de 175 pa\u00edses, entre ellos los dos m\u00e1s grandes emisores de gases de efecto invernadero Estados Unidos y China, firmaron el viernes en la ONU el hist\u00f3rico acuerdo para combatir el calentamiento global, con la esperanza de mantener el impulso de la conferencia de Par\u00eds de diciembre pasado.<\/p>\n<p>M\u00e1s de 60 jefes de Estado y de gobierno participaron en la ceremonia que se llev\u00f3 a cabo en Nueva York.<\/p>\n<p>\u00abNunca antes un n\u00famero tan grande de pa\u00edses hab\u00eda firmando un acuerdo internacional en un s\u00f3lo d\u00eda\u00bb, dijo el secretario general de la ONU, Ban Ki-moon.<\/p>\n<p>Entre los presentes estuvo la presidenta brasile\u00f1a Dilma Rousseff, quien denunci\u00f3 el \u00abgrave momento\u00bb que vive su pa\u00eds y asegur\u00f3 que el pueblo \u00absabr\u00e1 impedir cualquier retroceso\u00bb democr\u00e1tico, en referencia al proceso de destituci\u00f3n que est\u00e1 a punto de sacarla del poder.<\/p>\n<p>Adem\u00e1s de Rousseff se encontraban el presidente franc\u00e9s Fran\u00e7ois Hollande, el viceprimer ministro chino Zhang Gaoli, el primer ministro canadiense Justin Trudeau, el primer ministro italiano Matteo Renzi, y el secretario de Estado estadounidense John Kerry, quien llev\u00f3 al podio a su nieta de dos a\u00f1os Isabelle, desatando una ovaci\u00f3n.<\/p>\n<p>Hollande fue precisamente el primero en firmar el documento. El anterior r\u00e9cord de pa\u00edses firmantes de un tratado internacional en un d\u00eda databa de 1982, cuando 119 pa\u00edses suscribieron la Convenci\u00f3n de la ONU sobre derecho mar\u00edtimo.<\/p>\n<p>El acuerdo sobre cambio clim\u00e1tico alcanzado en Par\u00eds compromete a sus firmantes a limitar el aumento de la temperatura \u00abbien por debajo de 2\u00b0C\u00bb y a \u00abcontinuar sus esfuerzos\u00bb para limitar esta alza a 1,5\u00b0C.<\/p>\n<p>La firma del acuerdo, en el D\u00eda Mundial de la Tierra, es solo un primer paso, ya que luego ser\u00e1 el momento de la ratificaci\u00f3n en funci\u00f3n de las reglas nacionales (votaci\u00f3n por el Parlamento, decreto, etc.).<\/p>\n<p>Adem\u00e1s, y para entrar formalmente en vigencia, el acuerdo de Par\u00eds tiene que ser ratificado por 55 pa\u00edses que representen el 55% de las emisiones mundiales de gases de efecto invernadero.<\/p>\n<p>En ese sentido, Hollande inst\u00f3 el viernes a los miembros de la Uni\u00f3n Europa (UE) a ratificar este a\u00f1o el acuerdo. \u00abLa Uni\u00f3n Europea debe dar el ejemplo\u00bb, dijo. Hasta el momento, quince pa\u00edses, la mayor\u00eda de ellos peque\u00f1as islas, ratificaron el texto, seg\u00fan la ONU.<\/p>\n<p>En un discurso ante el pleno, el actor y militante Leonardo DiCaprio afirm\u00f3 que \u00ablleg\u00f3 la hora de un acci\u00f3n audaz y sin precedentes\u00bb para promover las energ\u00edas renovables.<\/p>\n<p>\u00abNuestro planeta no podr\u00e1 ser salvado si no abandonamos las energ\u00edas f\u00f3siles\u00bb, sostuvo el actor recientemente ganador del premio Oscar, levantando una ola de aplausos.<\/p>\n<p>Rousseff moderada<\/p>\n<p>Rousseff fue la octava oradora y dedic\u00f3 casi todo su discurso a la cuesti\u00f3n clim\u00e1tica, manifestando el \u00aborgullo por el trabajo hecho\u00bb por su gobierno en las negociaciones y recordando la necesidad de \u00abresultados concretos\u00bb para los \u00abinmensos desaf\u00edos\u00bb que existen.<\/p>\n<p>La mandataria brasile\u00f1a, que no hizo menci\u00f3n alguna a un \u00abgolpe de Estado\u00bb en su pa\u00eds, asegur\u00f3 sin embargo que el pueblo \u00absabr\u00e1 impedir cualquier retroceso\u00bb democr\u00e1tico, en referencia al proceso de destituci\u00f3n que est\u00e1 a punto de sacarla del poder.<\/p>\n<p>\u00abBrasil es un gran pa\u00eds, con una sociedad que supo vencer el autoritarismo y construir una pujante democracia. Su pueblo es un pueblo trabajador y con gran aprecio de las libertades. Sabr\u00e1, no tengo dudas, impedir cualquier retroceso\u00bb, se\u00f1al\u00f3 la presidenta amenazada por un juicio por presunta manipulaci\u00f3n de las cuentas p\u00fablicas.<\/p>\n<p>Antes, el presidente peruano Ollanta Humala, primer orador por Am\u00e9rica Latina, destac\u00f3 el \u00abpapel\u00bb de su pa\u00eds, que organiz\u00f3 en Lima en 2015 la reuni\u00f3n preparatoria para la cita de Par\u00eds y celebr\u00f3 el \u00abtriunfo del di\u00e1logo y la solidaridad\u00bb. \u00abEsto no es el final. Esto es solo el principio\u00bb, afirm\u00f3.<\/p>\n<p>A continuaci\u00f3n, el mandatario boliviano Evo Morales habl\u00f3 de un \u00abpaso importante pero no suficiente para salvar la madre Tierra\u00bb, pidiendo defender los \u00abderechos de la naturaleza\u00bb.<\/p>\n<p>Algunas buenas noticias<\/p>\n<p>En los \u00faltimos tiempos ha habido buenas noticias para el clima: las energ\u00edas renovables registraron en 2015 un crecimiento r\u00e9cord de +8%, los precios bajos del petr\u00f3leo frenan las inversiones costosas de los grupos petroleros (\u00c1rtico, offshore) y el sector del carb\u00f3n no va bien.<\/p>\n<p>En Estados Unidos, con la competencia del gas natural, cede terreno. La semana pasada, el mayor productor estadounidense, Peabody, se declar\u00f3 en cese de pagos, y unas 250 centrales cerraron, seg\u00fan la ONG Sierra Club.<\/p>\n<p>En China, el consumo baj\u00f3 en 2014 y 2015, a ra\u00edz, ciertamente, de la desaceleraci\u00f3n de la econom\u00eda, pero tambi\u00e9n de la voluntad del gobierno de luchar contra la contaminaci\u00f3n del aire.<\/p>\n<p>Pek\u00edn anunci\u00f3 recientemente la suspensi\u00f3n de casi todos los proyectos de centrales a carb\u00f3n. No obstante, las necesidades en infraestructuras energ\u00e9ticas son enormes y est\u00e1 prevista la construcci\u00f3n de cientos de centrales a carb\u00f3n (India, Turqu\u00eda, Indonesia, etc.).<\/p>\n","protected":false},"excerpt":{"rendered":"<p>AFP EE.UU. Un r\u00e9cord de 175 pa\u00edses, entre ellos los dos m\u00e1s grandes emisores de gases de efecto invernadero Estados Unidos y China, firmaron el viernes en la ONU el hist\u00f3rico acuerdo para combatir el calentamiento global, con la esperanza de mantener el impulso de la conferencia de Par\u00eds de diciembre pasado. M\u00e1s de 60 [&hellip;]<\/p>\n","protected":false},"author":7,"featured_media":48443,"comment_status":"open","ping_status":"open","sticky":false,"template":"","format":"standard","meta":{"footnotes":""},"categories":[40,45],"tags":[],"class_list":["post-48442","post","type-post","status-publish","format-standard","has-post-thumbnail","hentry","category-internacionales","category-salud"],"_links":{"self":[{"href":"https:\/\/2horizontes.com\/index.php?rest_route=\/wp\/v2\/posts\/48442","targetHints":{"allow":["GET"]}}],"collection":[{"href":"https:\/\/2horizontes.com\/index.php?rest_route=\/wp\/v2\/posts"}],"about":[{"href":"https:\/\/2horizontes.com\/index.php?rest_route=\/wp\/v2\/types\/post"}],"author":[{"embeddable":true,"href":"https:\/\/2horizontes.com\/index.php?rest_route=\/wp\/v2\/users\/7"}],"replies":[{"embeddable":true,"href":"https:\/\/2horizontes.com\/index.php?rest_route=%2Fwp%2Fv2%2Fcomments&post=48442"}],"version-history":[{"count":1,"href":"https:\/\/2horizontes.com\/index.php?rest_route=\/wp\/v2\/posts\/48442\/revisions"}],"predecessor-version":[{"id":48444,"href":"https:\/\/2horizontes.com\/index.php?rest_route=\/wp\/v2\/posts\/48442\/revisions\/48444"}],"wp:featuredmedia":[{"embeddable":true,"href":"https:\/\/2horizontes.com\/index.php?rest_route=\/wp\/v2\/media\/48443"}],"wp:attachment":[{"href":"https:\/\/2horizontes.com\/index.php?rest_route=%2Fwp%2Fv2%2Fmedia&parent=48442"}],"wp:term":[{"taxonomy":"category","embeddable":true,"href":"https:\/\/2horizontes.com\/index.php?rest_route=%2Fwp%2Fv2%2Fcategories&post=48442"},{"taxonomy":"post_tag","embeddable":true,"href":"https:\/\/2horizontes.com\/index.php?rest_route=%2Fwp%2Fv2%2Ftags&post=48442"}],"curies":[{"name":"wp","href":"https:\/\/api.w.org\/{rel}","templated":true}]}}