{"id":48436,"date":"2016-04-23T08:12:53","date_gmt":"2016-04-23T07:12:53","guid":{"rendered":"http:\/\/2horizontes.com\/?p=48436"},"modified":"2016-04-23T08:12:53","modified_gmt":"2016-04-23T07:12:53","slug":"registradas-717-replicas-del-terremoto-de-magnitud-78-en-ecuador","status":"publish","type":"post","link":"https:\/\/2horizontes.com\/?p=48436","title":{"rendered":"Registradas 717 r\u00e9plicas del terremoto de magnitud 7,8 en Ecuador"},"content":{"rendered":"<div id=\"ArticleAuthorDiv\" class=\"article-body-author\"><b>EFE<\/b><\/div>\n<div id=\"ArticleSourceDiv\" class=\"article-body-author\"><b>Ecuador, Quito<\/b><\/div>\n<div id=\"ArticleBody\">\n<p>Un total de 717 r\u00e9plicas se han registrado hasta el momento del terremoto de magnitud 7,8 que azot\u00f3 el pasado s\u00e1bado la zona norte tropical del pa\u00eds andino y dej\u00f3 por lo menos al menos 587 muertos y 8.340 heridos, inform\u00f3 ayer el Instituto Geof\u00edsico.<\/p>\n<p>El t\u00e9cnico Daniel Andrade dijo a la televisi\u00f3n Ecuavisa que de las 717 r\u00e9plicas, las dos m\u00e1s fuertes ocurridas la noche del jueves tuvieron magnitudes de 6,2 y 6 en la escala de Richter.<\/p>\n<p>\u00abSon dos m\u00e1s de las cientos que hemos observado en estos d\u00eda y que van a seguir ocurriendo en los pr\u00f3ximos d\u00edas, pr\u00f3ximas semanas, sin que sea posible decir que se van a detener en tres o cuatro d\u00edas\u00bb, indic\u00f3.<\/p>\n<p>El t\u00e9cnico dijo que \u00abson muy bajas\u00bb las probabilidades de que se repita un evento como el del s\u00e1bado.<\/p>\n<p>\u00abNo ser\u00eda algo muy com\u00fan que se repita algo de ese tama\u00f1o. Sin embargo, no es imposible que esto vuelva a ocurrir, no se puede descartar absolutamente, pero, insistimos, las probabilidades son muy bajas de que algo as\u00ed se repita en los pr\u00f3ximos d\u00edas\u00bb, reiter\u00f3.<\/p>\n<p>Asimismo, inform\u00f3 que un sismo de magnitud 5,2 se registr\u00f3 a las 08.26 hora local (13.26 GMT) de ayer con epicentro en el mar, entre Posorja y la Isla Pun\u00e1, perteneciente a la provincia del Guayas.<\/p>\n<p>Precis\u00f3 que ese temblor no fue una r\u00e9plica del terremoto del pasado s\u00e1bado, uno de los m\u00e1s fuertes de la historia del pa\u00eds andino.<\/p>\n<p>El evento s\u00edsmico de hoy se sinti\u00f3 en las provincias de Guayas, Bol\u00edvar, El Oro y en algunas ciudades como Quito, Cuenca, Loja y Zamora Chinchipe.<\/p>\n<p>El temblor que, seg\u00fan el Instituto, \u00abno tiene relaci\u00f3n con el terremoto\u00bb del s\u00e1bado, caus\u00f3 alarma en habitantes, en especial de la ciudad costera de Guayaquil, donde muchos pobladores salieron a las calles nada m\u00e1s sentir el sismo.<\/p>\n<\/div>\n","protected":false},"excerpt":{"rendered":"<p>EFE Ecuador, Quito Un total de 717 r\u00e9plicas se han registrado hasta el momento del terremoto de magnitud 7,8 que azot\u00f3 el pasado s\u00e1bado la zona norte tropical del pa\u00eds andino y dej\u00f3 por lo menos al menos 587 muertos y 8.340 heridos, inform\u00f3 ayer el Instituto Geof\u00edsico. El t\u00e9cnico Daniel Andrade dijo a la [&hellip;]<\/p>\n","protected":false},"author":7,"featured_media":48437,"comment_status":"open","ping_status":"open","sticky":false,"template":"","format":"standard","meta":{"footnotes":""},"categories":[40],"tags":[],"class_list":["post-48436","post","type-post","status-publish","format-standard","has-post-thumbnail","hentry","category-internacionales"],"_links":{"self":[{"href":"https:\/\/2horizontes.com\/index.php?rest_route=\/wp\/v2\/posts\/48436","targetHints":{"allow":["GET"]}}],"collection":[{"href":"https:\/\/2horizontes.com\/index.php?rest_route=\/wp\/v2\/posts"}],"about":[{"href":"https:\/\/2horizontes.com\/index.php?rest_route=\/wp\/v2\/types\/post"}],"author":[{"embeddable":true,"href":"https:\/\/2horizontes.com\/index.php?rest_route=\/wp\/v2\/users\/7"}],"replies":[{"embeddable":true,"href":"https:\/\/2horizontes.com\/index.php?rest_route=%2Fwp%2Fv2%2Fcomments&post=48436"}],"version-history":[{"count":1,"href":"https:\/\/2horizontes.com\/index.php?rest_route=\/wp\/v2\/posts\/48436\/revisions"}],"predecessor-version":[{"id":48438,"href":"https:\/\/2horizontes.com\/index.php?rest_route=\/wp\/v2\/posts\/48436\/revisions\/48438"}],"wp:featuredmedia":[{"embeddable":true,"href":"https:\/\/2horizontes.com\/index.php?rest_route=\/wp\/v2\/media\/48437"}],"wp:attachment":[{"href":"https:\/\/2horizontes.com\/index.php?rest_route=%2Fwp%2Fv2%2Fmedia&parent=48436"}],"wp:term":[{"taxonomy":"category","embeddable":true,"href":"https:\/\/2horizontes.com\/index.php?rest_route=%2Fwp%2Fv2%2Fcategories&post=48436"},{"taxonomy":"post_tag","embeddable":true,"href":"https:\/\/2horizontes.com\/index.php?rest_route=%2Fwp%2Fv2%2Ftags&post=48436"}],"curies":[{"name":"wp","href":"https:\/\/api.w.org\/{rel}","templated":true}]}}