{"id":48430,"date":"2016-04-23T08:02:31","date_gmt":"2016-04-23T07:02:31","guid":{"rendered":"http:\/\/2horizontes.com\/?p=48430"},"modified":"2016-04-23T08:02:31","modified_gmt":"2016-04-23T07:02:31","slug":"rousseff-asegura-en-la-onu-que-brasil-impedira-cualquier-retroceso","status":"publish","type":"post","link":"https:\/\/2horizontes.com\/?p=48430","title":{"rendered":"Rousseff asegura en la ONU que Brasil \u00abimpedir\u00e1 cualquier retroceso\u00bb"},"content":{"rendered":"<div id=\"ArticleAuthorDiv\" class=\"article-body-author\"><b>EFE<\/b><\/div>\n<div id=\"ArticleSourceDiv\" class=\"article-body-author\"><b>Naciones Unidas<\/b><\/div>\n<div id=\"ArticleBody\">\n<p>La presidenta de Brasil, Dilma Rousseff, destac\u00f3 ayer en la ONU el momento \u00abgrave\u00bb por el que pasa su pa\u00eds y asegur\u00f3 que el pueblo brasile\u00f1o \u00abimpedir\u00e1 cualquier retroceso\u00bb.<\/p>\n<p>\u00abNuestro pueblo es un pueblo trabajador y con un gran aprecio por la libertad. Sabr\u00e1, no tengo dudas, impedir cualquier retroceso\u00bb, dijo Rousseff, que quiso mostrar su agradecimiento \u00aba todos los l\u00edderes que han expresado su solidaridad\u00bb con ella.<\/p>\n<p>La presidenta brasile\u00f1a se pronunci\u00f3 as\u00ed en un discurso con motivo de la ceremonia de firma del Acuerdo de Par\u00eds sobre el cambio clim\u00e1tico, un asunto al que dedic\u00f3 la mayor parte de sus palabras.<\/p>\n<p>\u00abNo puedo concluir mis observaciones sin mencionar el momento tan grave que se est\u00e1 viviendo en Brasil\u00bb, dijo hacia el final de su intervenci\u00f3n.<\/p>\n<p>Rousseff destac\u00f3 que, \u00abpese a ello, Brasil es una gran naci\u00f3n, con una sociedad que super\u00f3 el autoritarismo en el pasado y logr\u00f3 construir una democracia vibrante\u00bb.<\/p>\n<p>La presidenta, amenazada con la destituci\u00f3n, anunci\u00f3 a \u00faltima hora su viaje a Naciones Unidas, donde adem\u00e1s de firmar el acuerdo sobre clima, buscar\u00e1 apoyos internacionales ante la situaci\u00f3n a la que se enfrenta en casa.<\/p>\n<p>Rousseff pretende aprovechar la presencia de varios jefes de Estado y de Gobierno de otros pa\u00edses para denunciar que el proceso de destituci\u00f3n en su contra se trata de un \u00abgolpe\u00bb de Estado.<\/p>\n<p>El oficialismo considera que el proceso contra la presidenta se trata de un golpe porque, seg\u00fan ellos, las acusaciones que lo sustentan, que se refieren a unas maniobras contables realizadas por el Gobierno para maquillar cuentas, no constituyen un delito.<\/p>\n<p>El destino de Rousseff est\u00e1 ahora en manos del Senado, que el pr\u00f3ximo lunes va a instalar una comisi\u00f3n especial para analizar las acusaciones remitidas por la C\u00e1mara de Diputados.<\/p>\n<\/div>\n","protected":false},"excerpt":{"rendered":"<p>EFE Naciones Unidas La presidenta de Brasil, Dilma Rousseff, destac\u00f3 ayer en la ONU el momento \u00abgrave\u00bb por el que pasa su pa\u00eds y asegur\u00f3 que el pueblo brasile\u00f1o \u00abimpedir\u00e1 cualquier retroceso\u00bb. \u00abNuestro pueblo es un pueblo trabajador y con un gran aprecio por la libertad. Sabr\u00e1, no tengo dudas, impedir cualquier retroceso\u00bb, dijo Rousseff, [&hellip;]<\/p>\n","protected":false},"author":7,"featured_media":48431,"comment_status":"open","ping_status":"open","sticky":false,"template":"","format":"standard","meta":{"footnotes":""},"categories":[40,43],"tags":[],"class_list":["post-48430","post","type-post","status-publish","format-standard","has-post-thumbnail","hentry","category-internacionales","category-politica"],"_links":{"self":[{"href":"https:\/\/2horizontes.com\/index.php?rest_route=\/wp\/v2\/posts\/48430","targetHints":{"allow":["GET"]}}],"collection":[{"href":"https:\/\/2horizontes.com\/index.php?rest_route=\/wp\/v2\/posts"}],"about":[{"href":"https:\/\/2horizontes.com\/index.php?rest_route=\/wp\/v2\/types\/post"}],"author":[{"embeddable":true,"href":"https:\/\/2horizontes.com\/index.php?rest_route=\/wp\/v2\/users\/7"}],"replies":[{"embeddable":true,"href":"https:\/\/2horizontes.com\/index.php?rest_route=%2Fwp%2Fv2%2Fcomments&post=48430"}],"version-history":[{"count":1,"href":"https:\/\/2horizontes.com\/index.php?rest_route=\/wp\/v2\/posts\/48430\/revisions"}],"predecessor-version":[{"id":48432,"href":"https:\/\/2horizontes.com\/index.php?rest_route=\/wp\/v2\/posts\/48430\/revisions\/48432"}],"wp:featuredmedia":[{"embeddable":true,"href":"https:\/\/2horizontes.com\/index.php?rest_route=\/wp\/v2\/media\/48431"}],"wp:attachment":[{"href":"https:\/\/2horizontes.com\/index.php?rest_route=%2Fwp%2Fv2%2Fmedia&parent=48430"}],"wp:term":[{"taxonomy":"category","embeddable":true,"href":"https:\/\/2horizontes.com\/index.php?rest_route=%2Fwp%2Fv2%2Fcategories&post=48430"},{"taxonomy":"post_tag","embeddable":true,"href":"https:\/\/2horizontes.com\/index.php?rest_route=%2Fwp%2Fv2%2Ftags&post=48430"}],"curies":[{"name":"wp","href":"https:\/\/api.w.org\/{rel}","templated":true}]}}