{"id":4841,"date":"2015-04-10T15:36:56","date_gmt":"2015-04-10T15:36:56","guid":{"rendered":"http:\/\/2horizontes.com\/?p=4841"},"modified":"2015-04-10T19:57:38","modified_gmt":"2015-04-10T19:57:38","slug":"los-yihadistas-detenidos-en-cataluna-pretendian-degollar-en-espana","status":"publish","type":"post","link":"https:\/\/2horizontes.com\/?p=4841","title":{"rendered":"Los yihadistas detenidos en Catalu\u00f1a pretendian degollar en Espa\u00f1a"},"content":{"rendered":"<p><a href=\"http:\/\/2horizontes.com\/wp-content\/uploads\/2015\/04\/1428670827_608759_1428671130_noticia_normal.jpg\"><img loading=\"lazy\" decoding=\"async\" class=\" size-medium wp-image-4845 alignleft\" src=\"http:\/\/2horizontes.com\/wp-content\/uploads\/2015\/04\/1428670827_608759_1428671130_noticia_normal-300x179.jpg\" alt=\"1428670827_608759_1428671130_noticia_normal\" width=\"300\" height=\"179\" srcset=\"https:\/\/2horizontes.com\/wp-content\/uploads\/2015\/04\/1428670827_608759_1428671130_noticia_normal-300x179.jpg 300w, https:\/\/2horizontes.com\/wp-content\/uploads\/2015\/04\/1428670827_608759_1428671130_noticia_normal-510x304.jpg 510w, https:\/\/2horizontes.com\/wp-content\/uploads\/2015\/04\/1428670827_608759_1428671130_noticia_normal.jpg 560w\" sizes=\"auto, (max-width: 300px) 100vw, 300px\" \/><\/a><\/p>\n<p>Madrid.-La c\u00e9lula yihadista desarticulada el pasado mi\u00e9rcoles en Catalu\u00f1a\u00a0planeaba secuestrar a una persona en Espa\u00f1a para vestirla con un mono naranja como los que usa el Estado Isl\u00e1mico, grabar un \u2018interrogatorio\u2019 y degollarla delante de las c\u00e1maras, seg\u00fan fuentes de la Fiscal\u00eda de la Audiencia Nacional. Los once detenidos, siete de los cuales han sido enviados a prisi\u00f3n por orden del juez Santiago Pedraz, formaban parte de una autodenominada \u201cFraternidad <!--more-->Isl\u00e1mica para la predicaci\u00f3n de la Yihad\u201d y ten\u00edan como fin primordial cometer atentados en suelo espa\u00f1ol. Para ello hab\u00edan realizado vigilancias de edificios p\u00fablicos y privados como el Parlament de Catalu\u00f1a, las comisar\u00edas de los Mossos d\u2019Esquadra de Sabadell y de la plaza de Espa\u00f1a de Barcelona y el hotel Catalonia de Barcelona. Estos inmuebles fueron fotografiados desde distintos \u00e1ngulos, para analizar las v\u00edas de acceso y escape para un hipot\u00e9tico atentado.<\/p>\n<p>Las escuchas telef\u00f3nicas realizadas por la polic\u00eda auton\u00f3mica catalana han revelado que el grupo estaba comenzando a planificar el secuestro de la directora de una entidad financiera, el Banco Sabadell, con el objeto de reclamar un rescate con el que financiar sus actividades, seg\u00fan las mismas fuentes. En cualquier caso, las acciones del grupo han sido atajadas en un momento embrionario y en fase de \u201cideaci\u00f3n\u201d. De hecho, no hab\u00edan llegado a hacerse con el mono naranja con que los terroristas del autodenominado Estado Isl\u00e1mico\u00a0visiten a sus prisioneros\u00a0antes de asesinarlos.<\/p>\n<p>Seg\u00fan un testigo protegido, Al\u00ed el Peluquero se sirvi\u00f3 de un neonazi, Diego Fr\u00edas, tambi\u00e9n detenido, para planear \u00abponer una bomba en una librer\u00eda jud\u00eda de Barcelona, de nombre La Piedra o algo similar\u00bb. A este detenido, Fr\u00edas, se le intervino en su domicilio, seg\u00fan el auto de prisi\u00f3n, una granada de mano Oramil R41 como las que utiliza el Ej\u00e9rcito espa\u00f1ol, un cargador de un fusil Cetme, 15 cuchillos de diferentes medidas, esposas met\u00e1licas, 227 cartuchos de munici\u00f3n, una pistola, una porra el\u00e9ctrica prohibida, un machete y cuatro escopetas.<\/p>\n<p>La c\u00e9lula decidi\u00f3 trasladar su yihad a Espa\u00f1a despu\u00e9s de haber fracasado en el intento de enviar a combatientes a Siria e Irak. Tres de las personas que captaron fueron detenidas antes de llegar a la zona de conflicto. Los agentes han hallado anotaciones manuscritas con instrucciones para fabricar explosivos y diversos productos qu\u00edmicos para realizarlos.<\/p>\n<p>El l\u00edder del grupo era el converso Antonio S. M, que se convirti\u00f3 al islam tras casarse con una musulmana y que trabajaba en una peluquer\u00eda de un barrio humilde de Sabadell. El menor detenido, de 17 a\u00f1os, y que ha ingresado en un centro de reforma estaba \u201ctotalmente implicado\u201d en la c\u00e9lula, seg\u00fan la investigaci\u00f3n.<\/p>\n","protected":false},"excerpt":{"rendered":"<p>Madrid.-La c\u00e9lula yihadista desarticulada el pasado mi\u00e9rcoles en Catalu\u00f1a\u00a0planeaba secuestrar a una persona en Espa\u00f1a para vestirla con un mono naranja como los que usa el Estado Isl\u00e1mico, grabar un \u2018interrogatorio\u2019 y degollarla delante de las c\u00e1maras, seg\u00fan fuentes de la Fiscal\u00eda de la Audiencia Nacional. Los once detenidos, siete de los cuales han sido [&hellip;]<\/p>\n","protected":false},"author":2,"featured_media":4845,"comment_status":"open","ping_status":"open","sticky":false,"template":"","format":"standard","meta":{"footnotes":""},"categories":[53],"tags":[],"class_list":["post-4841","post","type-post","status-publish","format-standard","has-post-thumbnail","hentry","category-provincias"],"_links":{"self":[{"href":"https:\/\/2horizontes.com\/index.php?rest_route=\/wp\/v2\/posts\/4841","targetHints":{"allow":["GET"]}}],"collection":[{"href":"https:\/\/2horizontes.com\/index.php?rest_route=\/wp\/v2\/posts"}],"about":[{"href":"https:\/\/2horizontes.com\/index.php?rest_route=\/wp\/v2\/types\/post"}],"author":[{"embeddable":true,"href":"https:\/\/2horizontes.com\/index.php?rest_route=\/wp\/v2\/users\/2"}],"replies":[{"embeddable":true,"href":"https:\/\/2horizontes.com\/index.php?rest_route=%2Fwp%2Fv2%2Fcomments&post=4841"}],"version-history":[{"count":2,"href":"https:\/\/2horizontes.com\/index.php?rest_route=\/wp\/v2\/posts\/4841\/revisions"}],"predecessor-version":[{"id":4884,"href":"https:\/\/2horizontes.com\/index.php?rest_route=\/wp\/v2\/posts\/4841\/revisions\/4884"}],"wp:featuredmedia":[{"embeddable":true,"href":"https:\/\/2horizontes.com\/index.php?rest_route=\/wp\/v2\/media\/4845"}],"wp:attachment":[{"href":"https:\/\/2horizontes.com\/index.php?rest_route=%2Fwp%2Fv2%2Fmedia&parent=4841"}],"wp:term":[{"taxonomy":"category","embeddable":true,"href":"https:\/\/2horizontes.com\/index.php?rest_route=%2Fwp%2Fv2%2Fcategories&post=4841"},{"taxonomy":"post_tag","embeddable":true,"href":"https:\/\/2horizontes.com\/index.php?rest_route=%2Fwp%2Fv2%2Ftags&post=4841"}],"curies":[{"name":"wp","href":"https:\/\/api.w.org\/{rel}","templated":true}]}}