{"id":48385,"date":"2016-04-22T11:48:29","date_gmt":"2016-04-22T10:48:29","guid":{"rendered":"http:\/\/2horizontes.com\/?p=48385"},"modified":"2016-04-22T11:48:29","modified_gmt":"2016-04-22T10:48:29","slug":"muere-sebastia-estrade-el-abogado-que-combatio-la-montana-de-sal-de-sallent","status":"publish","type":"post","link":"https:\/\/2horizontes.com\/?p=48385","title":{"rendered":"Muere Sebasti\u00e0 Estrad\u00e9, el abogado que combati\u00f3 la monta\u00f1a de sal de Sallent"},"content":{"rendered":"<p>Sebasti\u00e0 Estrad\u00e9, abogado, autor de novelas y divulgador cient\u00edfico, ha muerto a los 93 a\u00f1os. Fue directivo de empresa, experto en derecho del espacio ultraterrestre, divulgador de ciencia y, en su \u00faltima etapa, un indignado activista que combati\u00f3 los da\u00f1os que la miner\u00eda de potasa ha ocasionado en su pueblo, en su comarca y en el r\u00edo Llobregat.<\/p>\n<p>Estrad\u00e9 demostr\u00f3 que no es verdad que la gran industria deslocalice los impactos ambientales al tercer mundo, sino que muchas veces los deja en el primer mundo y est\u00e1n tan cerca de nosotros (y de Barcelona) que muchos no los quieren ver.<\/p>\n<p>Desde la habitaci\u00f3n de la residencia de ancianos donde vivi\u00f3 los \u00faltimos a\u00f1os escribi\u00f3 el recurso con el que los jueces exigieron que se restaurara la monta\u00f1a de residuos salinos de El Cogull\u00f3 (Sallent).<\/p>\n<p>El Bages y la cuenca de Llobregat se merecen otro trato de las minas de potasa\u201d, sol\u00eda decir. Su biograf\u00eda recoge una lenta evoluci\u00f3n desde la literatura de ciencia ficci\u00f3n al ecologismo practicado desde una residencia de ancianos.<\/p>\n<p>Estrad\u00e9 es un escritor de novelas de ciencia ficci\u00f3n. A lo largo de su vida hilvan\u00f3 16 relatos juveniles imaginando futuros mundos extra\u00f1os e imposibles como escenario para desplegar su conocimiento del espacio y de la naturaleza humana.<\/p>\n<p>Lo que no pod\u00eda sospechar era que su novela m\u00e1s querida estar\u00eda inspirada en el m\u00e1s apasionado cap\u00edtulo de su vida: la lucha para eliminar la gran monta\u00f1a de residuos salinos de El Cogull\u00f3, generada por las minas de potasa de Sallent.<\/p>\n<p>Es toda una paradoja! Este hombre, que explor\u00f3 todos los campos de su imaginaci\u00f3n en busca de la escenograf\u00eda del futuro, encontr\u00f3 delante de su casa, ante sus narices, la imagen m\u00e1s surrealista que pod\u00eda imaginar para inspirar su libro Quan tornis, porta una mica de pluja .<\/p>\n<p>Ese escenario futurista emergi\u00f3 cuando cada ma\u00f1ana, desde la terraza de mi casa, ve\u00eda como crec\u00eda y crec\u00eda la acumulaci\u00f3n de residuos salinos de la mina de potasa de Sallent\u201d, rememora.<\/p>\n<p>Hoy, la escombrera o monta\u00f1a de sal de El Cogull\u00f3 ocupa la superficie de 47 hect\u00e1reas (unos 50 campos de f\u00fatbol). Es uno de los principales focos de riesgo ecol\u00f3gico en Catalunya. Las precipitaciones provocan cursos de agua sobre la monta\u00f1a de sal, que amenazan permanentemente con agravar la salinizaci\u00f3n del Llobregat.<\/p>\n<p>Los recuerdos entra\u00f1ables<\/p>\n<p>Este hombre manten\u00eda recuerdos entra\u00f1ables de su primer maestro en la escuela y de Sallent. All\u00ed impart\u00eda clases August Gil C\u00e1novas, padre de famoso abogado Gil Matamala, y abuelo de la actriz Ariadna Gil. Luego, estudi\u00f3 el bachillerato en Manresa; y la carrera de Derecho en Barcelona, en donde complet\u00f3 una innovadora tesis sobre el derecho del espacio, un trabajo declarado de utilidad p\u00fablica por el ej\u00e9rcito del aire espa\u00f1ol.<\/p>\n<p>Y vivi\u00f3 intensamente los sesenta, cuando la carrera espacial situ\u00f3 en el debate p\u00fablico mundial la legitimidad de la conquista del espacio exterior o la propiedad de los cuerpos celestes.<\/p>\n<p>Toda esa aventura de la conquista del espacio ha dado como resultado el desarrollo de los sat\u00e9lites de telecomunicaciones que han permitido comunicar a todo el mundo\u201d, dice. Trabaj\u00f3 hasta su jubilaci\u00f3n en la empresa Promar, dedicada a instalar motores di\u00e9sel (para barcos, entre otros usos); pero en paralelo aquel \u201cabogado espacial y rural\u201d ampli\u00f3 su formaci\u00f3n con una diplomatura en tecnolog\u00edas del espacio que le permiti\u00f3 luego desplegar su potencial en la literatura cient\u00edfica.<\/p>\n<p>Influy\u00f3 en los j\u00f3venes<\/p>\n<p>Muchos j\u00f3venes estudiaron carreras de ciencias gracias a mis relatos en Cavall Fort, y eso me enorgullece\u201d, dice. Durante 40 a\u00f1os public\u00f3 una treintena de libros, de divulgaci\u00f3n cient\u00edfica, ciencia ficci\u00f3n y relatos breves para adultos y j\u00f3venes, con t\u00edtulos como M\u00e9s enll\u00e0 no hi ha fronteres (1966), M\u00e9s enll\u00e0 del misteri (1970), Estimeu el vostre entorn(premi Cr\u00edtica Serra d\u2019Or de 1984), A l\u2019espai no hi volem guerra (1993) o De tants colors (2006), entre muchas otras.<\/p>\n<p>Pionero en divulgaci\u00f3n de la ciencia, colabor\u00f3 en el programa de TVE Amigos del Espacio , muy popular en los a\u00f1os sesenta; y fue enviado por el diario Tele\/eXpr\u00e9s a la estaci\u00f3n de seguimiento de Robledo de Chavela (en Madrid), donde estaba situada una de las dos principales estaciones de seguimiento de las misiones Apolo.<\/p>\n<p>Sus art\u00edculos ten\u00edan un tono muy documentado y riguroso\u201d, ha explicado el escritor y periodista de TV3 Xavier Duran en su tesis sobre la informaci\u00f3n que dio la prensa de Barcelona sobre los primeros Sputnik i la llegada del hombre a la Luna.<\/p>\n<p>Defensa del medio ambiente<\/p>\n<p>Pero el \u00faltimo capitulo de su vida lo ha centrado en la defensa del medio ambiente. Desde la residencia, y sin m\u00e1s ayuda que una prosa humilde y rotunda, Estrad\u00e9 convenci\u00f3 al Tribunal Superior de Just\u00edcia de Catalunya de la necesidad de poner en marcha un plan de restauraci\u00f3n de la monta\u00f1a de sal de El Cogull\u00f3, algo que la sociedad catalana no hab\u00eda conseguido hasta ahora.<\/p>\n<p>El Tribunal de Just\u00edcia de Catalunya ha fallado que la Administraci\u00f3n no puede quedarse con los brazos cruzados viendo c\u00f3mo la monta\u00f1a de residuos aumentaba sin paliarlo\u201d, nos explic\u00f3.<\/p>\n<p>Mi segunda gran motivaci\u00f3n al escribir ha sido la preocupaci\u00f3n por el medio ambiente, y ahora pido justicia ambiental. La comarca se merece otro trato\u201d, insist\u00eda con optimismo antes de exponer los impactos de la miner\u00eda de potasa sobre la salinizaci\u00f3n del Llobregat, lo que ha obligado a las administraciones a colocar filtros en las plantas potabilizadoras, \u201cgrandes sumas pagadas con dinero de todos\u201d, con el fin de tratar el caudal que bebe Barcelona.<\/p>\n<p>El fallo del TSJC obliga al Govern a exigi\u00f3 a la empresa minera (Iberpotash) que iniciara el plan de restauraci\u00f3n de la monta\u00f1a de sal.<\/p>\n<p>Los residuos salinos deben volver a las minas, como hacen los pa\u00edses que defienden el medio ambiente. \u00bfPor qu\u00e9 aqu\u00ed no? La Generalitat podr\u00eda hacer m\u00e1s para combatir los da\u00f1os de la miner\u00eda\u201d, a\u00f1ade. Sus ideas las ha expuso en su libro; y su intuici\u00f3n tambi\u00e9n ya ha demostrado que la ficci\u00f3n puede hacerse realidad. En largos memorandos lo explic\u00f3 de otra manera a Artur Mas y al entonces conseller Felip Puig.<\/p>\n","protected":false},"excerpt":{"rendered":"<p>Sebasti\u00e0 Estrad\u00e9, abogado, autor de novelas y divulgador cient\u00edfico, ha muerto a los 93 a\u00f1os. Fue directivo de empresa, experto en derecho del espacio ultraterrestre, divulgador de ciencia y, en su \u00faltima etapa, un indignado activista que combati\u00f3 los da\u00f1os que la miner\u00eda de potasa ha ocasionado en su pueblo, en su comarca y en [&hellip;]<\/p>\n","protected":false},"author":3,"featured_media":48386,"comment_status":"open","ping_status":"open","sticky":false,"template":"","format":"standard","meta":{"footnotes":""},"categories":[85],"tags":[],"class_list":["post-48385","post","type-post","status-publish","format-standard","has-post-thumbnail","hentry","category-espana"],"_links":{"self":[{"href":"https:\/\/2horizontes.com\/index.php?rest_route=\/wp\/v2\/posts\/48385","targetHints":{"allow":["GET"]}}],"collection":[{"href":"https:\/\/2horizontes.com\/index.php?rest_route=\/wp\/v2\/posts"}],"about":[{"href":"https:\/\/2horizontes.com\/index.php?rest_route=\/wp\/v2\/types\/post"}],"author":[{"embeddable":true,"href":"https:\/\/2horizontes.com\/index.php?rest_route=\/wp\/v2\/users\/3"}],"replies":[{"embeddable":true,"href":"https:\/\/2horizontes.com\/index.php?rest_route=%2Fwp%2Fv2%2Fcomments&post=48385"}],"version-history":[{"count":1,"href":"https:\/\/2horizontes.com\/index.php?rest_route=\/wp\/v2\/posts\/48385\/revisions"}],"predecessor-version":[{"id":48387,"href":"https:\/\/2horizontes.com\/index.php?rest_route=\/wp\/v2\/posts\/48385\/revisions\/48387"}],"wp:featuredmedia":[{"embeddable":true,"href":"https:\/\/2horizontes.com\/index.php?rest_route=\/wp\/v2\/media\/48386"}],"wp:attachment":[{"href":"https:\/\/2horizontes.com\/index.php?rest_route=%2Fwp%2Fv2%2Fmedia&parent=48385"}],"wp:term":[{"taxonomy":"category","embeddable":true,"href":"https:\/\/2horizontes.com\/index.php?rest_route=%2Fwp%2Fv2%2Fcategories&post=48385"},{"taxonomy":"post_tag","embeddable":true,"href":"https:\/\/2horizontes.com\/index.php?rest_route=%2Fwp%2Fv2%2Ftags&post=48385"}],"curies":[{"name":"wp","href":"https:\/\/api.w.org\/{rel}","templated":true}]}}