{"id":4836,"date":"2015-04-10T11:11:47","date_gmt":"2015-04-10T11:11:47","guid":{"rendered":"http:\/\/2horizontes.com\/?p=4836"},"modified":"2015-04-10T13:34:16","modified_gmt":"2015-04-10T13:34:16","slug":"ucrania-prohibe-la-hoz-y-el-martillo","status":"publish","type":"post","link":"https:\/\/2horizontes.com\/?p=4836","title":{"rendered":"Ucrania proh\u00edbe la hoz y el martillo"},"content":{"rendered":"<p><a href=\"http:\/\/2horizontes.com\/wp-content\/uploads\/2015\/04\/ucrania.jpg\"><img loading=\"lazy\" decoding=\"async\" class=\" size-medium wp-image-4837 alignleft\" src=\"http:\/\/2horizontes.com\/wp-content\/uploads\/2015\/04\/ucrania-300x158.jpg\" alt=\"ucrania\" width=\"300\" height=\"158\" srcset=\"https:\/\/2horizontes.com\/wp-content\/uploads\/2015\/04\/ucrania-300x158.jpg 300w, https:\/\/2horizontes.com\/wp-content\/uploads\/2015\/04\/ucrania-510x268.jpg 510w, https:\/\/2horizontes.com\/wp-content\/uploads\/2015\/04\/ucrania.jpg 560w\" sizes=\"auto, (max-width: 300px) 100vw, 300px\" \/><\/a><\/p>\n<p>Mosc\u00fa.-La Rada Suprema de Ucrania\u00a0(Parlamento) aprob\u00f3 este jueves una ley que condena el comunismo y el nazismo y proh\u00edbe la propaganda y los s\u00edmbolos de ambas ideolog\u00edas. El documento, presentado a la Rada en nombre del primer ministro Arseni Yatseniuk y el Gobierno, fue respaldado por 254 diputados (de los 423 de la c\u00e1mara) y es parte de un pol\u00e9mico paquete de leyes dedicadas a erradicar el comunismo y a equipararlo a la ideolog\u00eda nazi.<\/p>\n<p>El Estado estar\u00e1 obligado a \u201crealizar investigaciones y publicar informaci\u00f3n sobre los delitos cometidos por los representantes de estos reg\u00edmenes totalitarios con el fin de impedir que estos delitos se repitan en el futuro, erradicar la amenaza a la soberan\u00eda, a la integridad territorial y a la seguridad nacional de Ucrania y tambi\u00e9n para establecer la justicia hist\u00f3rica\u201d, seg\u00fan la nota explicativa de la ley recogida por el servicio ZN.ua.<\/p>\n<p>La justificaci\u00f3n de las actividades de los \u00f3rganos de poder sovi\u00e9tico y de la seguridad del Estado en Ucrania as\u00ed como la lucha contra los \u201ccombatientes por la libertad\u201d de Ucrania ser\u00e1n consideradas como propaganda. Asimismo, se proh\u00edbe el uso de s\u00edmbolos como la hoz y el martillo, los escudos de la Uni\u00f3n Sovi\u00e9tica y de la Rep\u00fablica Socialista Sovi\u00e9tica de Ucrania, que fue uno de los 15 territorios federados que compusieron la URSS hasta la desaparici\u00f3n de ese Estado en 1991. Tambi\u00e9n quedar\u00e1n prohibidos el himno, las banderas, las consignas comunistas y las im\u00e1genes y los monumentos a miembros del Partido Comunista y al poder sovi\u00e9tico y los nombres de las calles y de las localidades dedicadas a \u00e9stos.<\/p>\n<p>El Parlamento ha declarado el 8 de mayo el \u201cd\u00eda de la memoria y la reconciliaci\u00f3n en honor de todas las v\u00edctimas de la Segunda Guerra Mundial\u00bb.\u00a0Adem\u00e1s, se seguir\u00e1 celebrando la fecha tradicional del 9 de mayo en la que Rusia y otros pa\u00edses postsovi\u00e9ticos celebran el d\u00eda de la \u201cVictoria\u201d de la URSS contra el fascismo.<\/p>\n<p>Ucrania sustituye la expresi\u00f3n Gran Guerra Patria (desde la invasi\u00f3n nazi en 1941 hasta 1945) por Segunda Guerra Mundial (1939-1041) uni\u00e9ndose as\u00ed a la terminolog\u00eda habitual en Occidente. El uso p\u00fablico de s\u00edmbolos nazis o comunistas se podr\u00e1 castigar con hasta cinco a\u00f1os de c\u00e1rcel y confiscaci\u00f3n de la propiedad y, en el caso de que se trate de una organizaci\u00f3n que use medios de difusi\u00f3n, con diez a\u00f1os de c\u00e1rcel.<\/p>\n<p>Las autoridades ucranianas apuntan hacia el Partido Comunista de Ucrania, cuyo l\u00edder Petr\u00f3 Simonenko fue interrogado el lunes por el Servicio de Seguridad. Analistas pol\u00edticos independientes consideran que el veto de los s\u00edmbolos comunistas resulta inoportuno en la actualidad por cuanto puede recrudecer enconadas pol\u00e9micas.<\/p>\n","protected":false},"excerpt":{"rendered":"<p>Mosc\u00fa.-La Rada Suprema de Ucrania\u00a0(Parlamento) aprob\u00f3 este jueves una ley que condena el comunismo y el nazismo y proh\u00edbe la propaganda y los s\u00edmbolos de ambas ideolog\u00edas. El documento, presentado a la Rada en nombre del primer ministro Arseni Yatseniuk y el Gobierno, fue respaldado por 254 diputados (de los 423 de la c\u00e1mara) y [&hellip;]<\/p>\n","protected":false},"author":2,"featured_media":4837,"comment_status":"open","ping_status":"open","sticky":false,"template":"","format":"standard","meta":{"footnotes":""},"categories":[40],"tags":[],"class_list":["post-4836","post","type-post","status-publish","format-standard","has-post-thumbnail","hentry","category-internacionales"],"_links":{"self":[{"href":"https:\/\/2horizontes.com\/index.php?rest_route=\/wp\/v2\/posts\/4836","targetHints":{"allow":["GET"]}}],"collection":[{"href":"https:\/\/2horizontes.com\/index.php?rest_route=\/wp\/v2\/posts"}],"about":[{"href":"https:\/\/2horizontes.com\/index.php?rest_route=\/wp\/v2\/types\/post"}],"author":[{"embeddable":true,"href":"https:\/\/2horizontes.com\/index.php?rest_route=\/wp\/v2\/users\/2"}],"replies":[{"embeddable":true,"href":"https:\/\/2horizontes.com\/index.php?rest_route=%2Fwp%2Fv2%2Fcomments&post=4836"}],"version-history":[{"count":1,"href":"https:\/\/2horizontes.com\/index.php?rest_route=\/wp\/v2\/posts\/4836\/revisions"}],"predecessor-version":[{"id":4838,"href":"https:\/\/2horizontes.com\/index.php?rest_route=\/wp\/v2\/posts\/4836\/revisions\/4838"}],"wp:featuredmedia":[{"embeddable":true,"href":"https:\/\/2horizontes.com\/index.php?rest_route=\/wp\/v2\/media\/4837"}],"wp:attachment":[{"href":"https:\/\/2horizontes.com\/index.php?rest_route=%2Fwp%2Fv2%2Fmedia&parent=4836"}],"wp:term":[{"taxonomy":"category","embeddable":true,"href":"https:\/\/2horizontes.com\/index.php?rest_route=%2Fwp%2Fv2%2Fcategories&post=4836"},{"taxonomy":"post_tag","embeddable":true,"href":"https:\/\/2horizontes.com\/index.php?rest_route=%2Fwp%2Fv2%2Ftags&post=4836"}],"curies":[{"name":"wp","href":"https:\/\/api.w.org\/{rel}","templated":true}]}}