{"id":48311,"date":"2016-04-21T23:18:29","date_gmt":"2016-04-21T22:18:29","guid":{"rendered":"http:\/\/2horizontes.com\/?p=48311"},"modified":"2016-04-21T23:18:29","modified_gmt":"2016-04-21T22:18:29","slug":"se-suicida-ejecutivo-de-tabacalera-en-santiago","status":"publish","type":"post","link":"https:\/\/2horizontes.com\/?p=48311","title":{"rendered":"Se suicida ejecutivo de tabacalera en Santiago"},"content":{"rendered":"<div class=\"text\">\n<p>SANTIAGO. Un oficial del Ej\u00e9rcito Nacional de la Rep\u00fablica Dominicana y ejecutivo de una empresa de zona franca de esta ciudad, se suicid\u00f3 la tarde de este jueves de un balazo en la cabeza, en el sector La Barranquita, al suroeste de aqu\u00ed.<\/p>\n<p>El segundo teniente Samuel Arturo M\u00e9ndez Carrasco, de 44 a\u00f1os de edad, fue encontrado en el interior de una yipeta marca Ford Explorer, detr\u00e1s del sector conocido como Siete Casas, en la avenida Yapur Dumit, sector la Barranquita.<\/p>\n<div class=\"text\">\n<p>En el interior del veh\u00edculo las autoridades policiales y del Ministerio P\u00fablico que acudieron al lugar para levantar el cad\u00e1ver, encontraron varias armas de fuego, esposas y macanas, as\u00ed como una carta dirigida a sus familiares. Se desconoce el contenido de dicha carta.<\/p>\n<p>El cad\u00e1ver de M\u00e9ndez Carrasco, fue enviado al Instituto Nacional de Patolog\u00eda Forense (INACIF) del hospital regional Jos\u00e9 Mar\u00eda Cabral y B\u00e1ez, para fines de autopsia.<\/p>\n<p>Adem\u00e1s de oficial del Ej\u00e9rcito Nacional, M\u00e9ndez Carrasco se desempe\u00f1aba como gerente de la empresa Tabacalera Fuente, ubicada en el complejo de zona francas V\u00edctor Espaillat Mera.<\/p>\n<p>Las autoridades policiales informaron que realizan las indagatorias de lugar para determinar las causas que motivaron al joven militar y empresario a quitarse la vida.<\/p>\n<\/div>\n<\/div>\n","protected":false},"excerpt":{"rendered":"<p>SANTIAGO. Un oficial del Ej\u00e9rcito Nacional de la Rep\u00fablica Dominicana y ejecutivo de una empresa de zona franca de esta ciudad, se suicid\u00f3 la tarde de este jueves de un balazo en la cabeza, en el sector La Barranquita, al suroeste de aqu\u00ed. El segundo teniente Samuel Arturo M\u00e9ndez Carrasco, de 44 a\u00f1os de edad, [&hellip;]<\/p>\n","protected":false},"author":13240,"featured_media":32892,"comment_status":"open","ping_status":"open","sticky":false,"template":"","format":"standard","meta":{"footnotes":""},"categories":[56,44],"tags":[],"class_list":["post-48311","post","type-post","status-publish","format-standard","has-post-thumbnail","hentry","category-notas-luctuosas","category-republica-dominicana"],"_links":{"self":[{"href":"https:\/\/2horizontes.com\/index.php?rest_route=\/wp\/v2\/posts\/48311","targetHints":{"allow":["GET"]}}],"collection":[{"href":"https:\/\/2horizontes.com\/index.php?rest_route=\/wp\/v2\/posts"}],"about":[{"href":"https:\/\/2horizontes.com\/index.php?rest_route=\/wp\/v2\/types\/post"}],"author":[{"embeddable":true,"href":"https:\/\/2horizontes.com\/index.php?rest_route=\/wp\/v2\/users\/13240"}],"replies":[{"embeddable":true,"href":"https:\/\/2horizontes.com\/index.php?rest_route=%2Fwp%2Fv2%2Fcomments&post=48311"}],"version-history":[{"count":1,"href":"https:\/\/2horizontes.com\/index.php?rest_route=\/wp\/v2\/posts\/48311\/revisions"}],"predecessor-version":[{"id":48316,"href":"https:\/\/2horizontes.com\/index.php?rest_route=\/wp\/v2\/posts\/48311\/revisions\/48316"}],"wp:featuredmedia":[{"embeddable":true,"href":"https:\/\/2horizontes.com\/index.php?rest_route=\/wp\/v2\/media\/32892"}],"wp:attachment":[{"href":"https:\/\/2horizontes.com\/index.php?rest_route=%2Fwp%2Fv2%2Fmedia&parent=48311"}],"wp:term":[{"taxonomy":"category","embeddable":true,"href":"https:\/\/2horizontes.com\/index.php?rest_route=%2Fwp%2Fv2%2Fcategories&post=48311"},{"taxonomy":"post_tag","embeddable":true,"href":"https:\/\/2horizontes.com\/index.php?rest_route=%2Fwp%2Fv2%2Ftags&post=48311"}],"curies":[{"name":"wp","href":"https:\/\/api.w.org\/{rel}","templated":true}]}}