{"id":4828,"date":"2015-04-10T11:09:20","date_gmt":"2015-04-10T11:09:20","guid":{"rendered":"http:\/\/2horizontes.com\/?p=4828"},"modified":"2015-04-10T13:36:35","modified_gmt":"2015-04-10T13:36:35","slug":"el-repunte-de-la-violencia-en-las-favelas-inquieta-a-rio","status":"publish","type":"post","link":"https:\/\/2horizontes.com\/?p=4828","title":{"rendered":"El repunte de la violencia en las favelas inquieta a R\u00edo"},"content":{"rendered":"<p><a href=\"http:\/\/2horizontes.com\/wp-content\/uploads\/2015\/04\/favelasrio.jpg\"><img loading=\"lazy\" decoding=\"async\" class=\" size-medium wp-image-4833 alignleft\" src=\"http:\/\/2horizontes.com\/wp-content\/uploads\/2015\/04\/favelasrio-300x171.jpg\" alt=\"favelasrio\" width=\"300\" height=\"171\" srcset=\"https:\/\/2horizontes.com\/wp-content\/uploads\/2015\/04\/favelasrio-300x171.jpg 300w, https:\/\/2horizontes.com\/wp-content\/uploads\/2015\/04\/favelasrio-510x291.jpg 510w, https:\/\/2horizontes.com\/wp-content\/uploads\/2015\/04\/favelasrio.jpg 560w\" sizes=\"auto, (max-width: 300px) 100vw, 300px\" \/><\/a><\/p>\n<p>R\u00edo de Janeiro.-Corr\u00eda el a\u00f1o 2008 cuando el entonces gobernador del Estado de R\u00edo de Janeiro, S\u00e9rgio Cabral, anunci\u00f3 la creaci\u00f3n de las Unidades de Polic\u00eda Pacificadora (UPP) en las favelas cariocas, una nueva \u201cpol\u00edtica de seguridad\u201d que consist\u00eda en expulsar a los narcotraficantes y ocupar las comunidades con una polic\u00eda cercana a los ciudadanos.<\/p>\n<p>Siete a\u00f1os despu\u00e9s, con 38 de esas unidades creadas en 264 favelas, la guerra entre los narcotraficantes y la polic\u00eda\u00a0parece no tener fin y el modelo de pacificaci\u00f3n es cuestionado. Sobre todo por los propios vecinos de las favelas, que conviven con una rutina diaria de violencia en las puertas de sus casas, unas veces protagonizada por los traficantes, otras por la polic\u00eda.<\/p>\n<p>Desde el pasado enero, una nueva ola de violencia ha causado la muerte de 40 personas en R\u00edo, entre polic\u00edas, traficantes y moradores inocentes atrapados por balas perdidas. Todo ello, a menos de 15 meses de los\u00a0Juegos Ol\u00edmpicos.<\/p>\n<p>Entre las v\u00edctimas figura Eduardo de Jes\u00fas Ferreira, un ni\u00f1o de 10 a\u00f1os. Se encontraba sentado en la puerta de su casa el jueves de la semana pasada, en el Complexo do Alem\u00e3o, una favela del norte de R\u00edo, cuando un polic\u00eda le dispar\u00f3 en la cabeza sin que todav\u00eda est\u00e9n claros los motivos. Su caso ha conmocionado a todo el pa\u00eds, su rostro se ha convertido en una suerte de s\u00edmbolo y su muerte ha puesto en evidencia el drama que viven los 70.000 habitantes de este conjunto de favelas, y de otras como La Rocinha (120.000 habitantes) y Mar\u00e9 (140.000).<\/p>\n<p>Para quienes siempre han cuestionado la pol\u00edtica de pacificaci\u00f3n de los \u00faltimos a\u00f1os, esta reciente ola de violencia no es solo consecuencia de la complejidad del intento de pacificar una comunidad de gran extensi\u00f3n territorial y muy poblada. El debate va m\u00e1s all\u00e1 de instalar una UPP y gira en torno al\u00a0fracaso de la lucha contra la droga, la necesidad de una nueva legislaci\u00f3n, de combatir el tr\u00e1fico de armas y de ofrecer m\u00e1s educaci\u00f3n y cultura a los j\u00f3venes. El propio secretario de Seguridad de R\u00edo de Janeiro, Jos\u00e9 Mariano Beltrame, reconoci\u00f3 en una entrevista a EL PA\u00cdS,\u00a0en febrero que \u201cseguridad p\u00fablica no es sin\u00f3nimo de polic\u00eda\u201d. \u201c\u00bfQu\u00e9 hacemos para alejar a los j\u00f3venes del tr\u00e1fico [de drogas]?\u201d, se pregunt\u00f3.<\/p>\n<p>Sin embargo, la discusi\u00f3n que se abre paso con m\u00e1s fuerza entre las voces cr\u00edticas \u2014expertos, ONG, pol\u00edticos y los habitantes de las favelas\u2014 se centra en el modelo de polic\u00eda en Brasil, militarizada y controlada por los Estados. Sigue mal preparada, mal remunerada y, sobre todo, dispara demasiado. El Anuario Brasile\u00f1o de Seguridad P\u00fablica calcula que, en 2013, los polic\u00edas fueron se\u00f1alados como responsables de la muerte de 2.212 ciudadanos (seis personas diarias), 416 de ellas solo en el Estado de R\u00edo de Janeiro. Beltrame argumenta que la polic\u00eda no recibi\u00f3 \u201clas inversiones necesarias\u201d en las \u00faltimas d\u00e9cadas. \u201cHa sido usada para reprimir y est\u00e1 mal vista. Es muy f\u00e1cil criticarla\u201d.<\/p>\n<p>En el caso concreto de las UPP, el Estado de R\u00edo no ha invertido lo suficiente, afirman los cr\u00edticos. \u201cSe intent\u00f3 hacer una nueva pol\u00edtica con la polic\u00eda de siempre. El programa se convirti\u00f3 en una campa\u00f1a pol\u00edtica y aumentaron las UPP por encima de su capacidad. Formaron a nuevos agentes con prisas, sin preparaci\u00f3n o cualificaci\u00f3n\u201d, argumenta el presidente de la Comisi\u00f3n de Derechos Humanos de la Asamblea de R\u00edo, el historiador y diputado opositor Marcelo Freixo.<\/p>\n<p>Adem\u00e1s, pese a que estas unidades de pacificaci\u00f3n han impulsado la actividad econ\u00f3mica en las favelas, sus habitantes siguen sin tener servicios b\u00e1sicos. En la ciudad de R\u00edo, casi un tercio de sus m\u00e1s de seis millones de habitantes vive en unas 800 favelas. No tienen saneamiento. Faltan escuelas, centros de salud&#8230;<\/p>\n<p>\u201cComo apenas hay inversiones sociales, la polic\u00eda tiene una funci\u00f3n que no es suya. En todas las UPP gestiona los temas culturales, de recogida de basura\u2026\u201d, explica Freixo. \u201cLas UPP no tienen que eliminarse, ese no es el asunto. Pero han fallado al no haber sido capaces de reconocer sus errores y de no debatir con los habitantes de las favelas\u201d. Hoy, m\u00e1s que nunca, reclaman ser escuchados. \u201cQueremos los mismos derechos que los dem\u00e1s\u201d, dec\u00eda un vecino del Complexo do Alem\u00e3o el pasado domingo, cuando unas 500 personas salieron a protestar para pedir paz e inversiones sociales.<\/p>\n","protected":false},"excerpt":{"rendered":"<p>R\u00edo de Janeiro.-Corr\u00eda el a\u00f1o 2008 cuando el entonces gobernador del Estado de R\u00edo de Janeiro, S\u00e9rgio Cabral, anunci\u00f3 la creaci\u00f3n de las Unidades de Polic\u00eda Pacificadora (UPP) en las favelas cariocas, una nueva \u201cpol\u00edtica de seguridad\u201d que consist\u00eda en expulsar a los narcotraficantes y ocupar las comunidades con una polic\u00eda cercana a los ciudadanos. [&hellip;]<\/p>\n","protected":false},"author":2,"featured_media":4833,"comment_status":"open","ping_status":"open","sticky":false,"template":"","format":"standard","meta":{"footnotes":""},"categories":[40],"tags":[],"class_list":["post-4828","post","type-post","status-publish","format-standard","has-post-thumbnail","hentry","category-internacionales"],"_links":{"self":[{"href":"https:\/\/2horizontes.com\/index.php?rest_route=\/wp\/v2\/posts\/4828","targetHints":{"allow":["GET"]}}],"collection":[{"href":"https:\/\/2horizontes.com\/index.php?rest_route=\/wp\/v2\/posts"}],"about":[{"href":"https:\/\/2horizontes.com\/index.php?rest_route=\/wp\/v2\/types\/post"}],"author":[{"embeddable":true,"href":"https:\/\/2horizontes.com\/index.php?rest_route=\/wp\/v2\/users\/2"}],"replies":[{"embeddable":true,"href":"https:\/\/2horizontes.com\/index.php?rest_route=%2Fwp%2Fv2%2Fcomments&post=4828"}],"version-history":[{"count":1,"href":"https:\/\/2horizontes.com\/index.php?rest_route=\/wp\/v2\/posts\/4828\/revisions"}],"predecessor-version":[{"id":4835,"href":"https:\/\/2horizontes.com\/index.php?rest_route=\/wp\/v2\/posts\/4828\/revisions\/4835"}],"wp:featuredmedia":[{"embeddable":true,"href":"https:\/\/2horizontes.com\/index.php?rest_route=\/wp\/v2\/media\/4833"}],"wp:attachment":[{"href":"https:\/\/2horizontes.com\/index.php?rest_route=%2Fwp%2Fv2%2Fmedia&parent=4828"}],"wp:term":[{"taxonomy":"category","embeddable":true,"href":"https:\/\/2horizontes.com\/index.php?rest_route=%2Fwp%2Fv2%2Fcategories&post=4828"},{"taxonomy":"post_tag","embeddable":true,"href":"https:\/\/2horizontes.com\/index.php?rest_route=%2Fwp%2Fv2%2Ftags&post=4828"}],"curies":[{"name":"wp","href":"https:\/\/api.w.org\/{rel}","templated":true}]}}