{"id":48258,"date":"2016-04-21T10:30:49","date_gmt":"2016-04-21T09:30:49","guid":{"rendered":"http:\/\/2horizontes.com\/?p=48258"},"modified":"2016-04-21T10:30:49","modified_gmt":"2016-04-21T09:30:49","slug":"nuevo-atropello-mortal-en-las-vias-del-tren-de-montcada","status":"publish","type":"post","link":"https:\/\/2horizontes.com\/?p=48258","title":{"rendered":"Nuevo atropello mortal en las v\u00edas del tren de Montcada"},"content":{"rendered":"<p>Nueva v\u00edctima mortal en las v\u00edas del tren de Montcada i Reixac. El atropello de una persona ha obligado este mi\u00e9rcoles a interrumpir la circulaci\u00f3n en la l\u00ednea R3 de Renfe. Seg\u00fan ha informado la operadora en un comunicado, la circulaci\u00f3n se encuentra interrumpida en el tramo entre Montcada Ripollet y Montcada Bifurcaci\u00f3. Renfe gestiona este mismo mi\u00e9rcoles por la tarde un servicio alternativo por carretera para facilitar la movilidad de los viajeros.<\/p>\n<p>Se trata de un nuevo accidente en las v\u00edas del tren de este municipio, que este a\u00f1o ya ha registrado cuatro v\u00edctimas mortales. El accidente de este mi\u00e9rcoles ha pasado en la l\u00ednea R3, sin embargo es el paso a nivel que hay para cruzar la v\u00eda que da servicio a las l\u00edneas R2 y R11 el que se ha convertido en un aut\u00e9ntico punto negro ferroviario con 165 muertes.<\/p>\n<p>El pasado 6 de abril la muerte de un joven de 20 a\u00f1os arrollado por el tren hizo estallar la indignaci\u00f3n de los vecinos y del mismo consistorio. La semana pasada, la alcaldesa de la poblaci\u00f3n, Laura Campos, se reuni\u00f3n con la Ministra de Fomento en funciones, Ana Pastor, para tratar el proyecto de soterramiento.<\/p>\n","protected":false},"excerpt":{"rendered":"<p>Nueva v\u00edctima mortal en las v\u00edas del tren de Montcada i Reixac. El atropello de una persona ha obligado este mi\u00e9rcoles a interrumpir la circulaci\u00f3n en la l\u00ednea R3 de Renfe. Seg\u00fan ha informado la operadora en un comunicado, la circulaci\u00f3n se encuentra interrumpida en el tramo entre Montcada Ripollet y Montcada Bifurcaci\u00f3. Renfe gestiona [&hellip;]<\/p>\n","protected":false},"author":3,"featured_media":48259,"comment_status":"open","ping_status":"open","sticky":false,"template":"","format":"standard","meta":{"footnotes":""},"categories":[85],"tags":[],"class_list":["post-48258","post","type-post","status-publish","format-standard","has-post-thumbnail","hentry","category-espana"],"_links":{"self":[{"href":"https:\/\/2horizontes.com\/index.php?rest_route=\/wp\/v2\/posts\/48258","targetHints":{"allow":["GET"]}}],"collection":[{"href":"https:\/\/2horizontes.com\/index.php?rest_route=\/wp\/v2\/posts"}],"about":[{"href":"https:\/\/2horizontes.com\/index.php?rest_route=\/wp\/v2\/types\/post"}],"author":[{"embeddable":true,"href":"https:\/\/2horizontes.com\/index.php?rest_route=\/wp\/v2\/users\/3"}],"replies":[{"embeddable":true,"href":"https:\/\/2horizontes.com\/index.php?rest_route=%2Fwp%2Fv2%2Fcomments&post=48258"}],"version-history":[{"count":1,"href":"https:\/\/2horizontes.com\/index.php?rest_route=\/wp\/v2\/posts\/48258\/revisions"}],"predecessor-version":[{"id":48260,"href":"https:\/\/2horizontes.com\/index.php?rest_route=\/wp\/v2\/posts\/48258\/revisions\/48260"}],"wp:featuredmedia":[{"embeddable":true,"href":"https:\/\/2horizontes.com\/index.php?rest_route=\/wp\/v2\/media\/48259"}],"wp:attachment":[{"href":"https:\/\/2horizontes.com\/index.php?rest_route=%2Fwp%2Fv2%2Fmedia&parent=48258"}],"wp:term":[{"taxonomy":"category","embeddable":true,"href":"https:\/\/2horizontes.com\/index.php?rest_route=%2Fwp%2Fv2%2Fcategories&post=48258"},{"taxonomy":"post_tag","embeddable":true,"href":"https:\/\/2horizontes.com\/index.php?rest_route=%2Fwp%2Fv2%2Ftags&post=48258"}],"curies":[{"name":"wp","href":"https:\/\/api.w.org\/{rel}","templated":true}]}}