{"id":48255,"date":"2016-04-21T10:28:10","date_gmt":"2016-04-21T09:28:10","guid":{"rendered":"http:\/\/2horizontes.com\/?p=48255"},"modified":"2016-04-21T10:28:10","modified_gmt":"2016-04-21T09:28:10","slug":"detenido-un-profesor-de-mollet-por-sacar-fotos-a-menores-y-compartirlas","status":"publish","type":"post","link":"https:\/\/2horizontes.com\/?p=48255","title":{"rendered":"Detenido un profesor de Mollet por sacar fotos a menores y compartirlas"},"content":{"rendered":"<p>La Polic\u00eda Nacional ha detenido a un profesor de piano de una escuela de Mollet del Vall\u00e8s (Barcelona) por presuntamente hacer fotograf\u00edas con su m\u00f3vil a ni\u00f1as de 8 a 13 a\u00f1os y compartirlas luego con ped\u00f3filos, han explicado a Europa Press fuentes policiales.<\/p>\n<p>El acusado, docente de actividades extraescolares, fue arrestado el jueves 14 de abril y, tras pasar a disposici\u00f3n judicial, qued\u00f3 en libertad con cargos, con la medida cautelar de no poder ejercer como docente, seg\u00fan ha publicado este mi\u00e9rcoles El Peri\u00f3dico.<\/p>\n<p>La investigaci\u00f3n arranc\u00f3 a partir de un registro en la vivienda de un presunto pederasta donde, en el ordenador, se hallaron contactos de m\u00e1s ped\u00f3filos con los que intercambiaba pornograf\u00eda; as\u00ed, descubrieron que uno de estos contactos tambi\u00e9n sub\u00eda fotograf\u00edas y, finalmente, averiguaron que se trataba de este profesor de m\u00fasica.<\/p>\n<p>A partir de ah\u00ed, el 14 de abril, la Polic\u00eda Nacional registr\u00f3 la vivienda del docente y encontr\u00f3 las im\u00e1genes compartidas en los foros y los tel\u00e9fonos m\u00f3viles con los que fueron sacadas.<\/p>\n<p>Las fotograf\u00edas hab\u00edan sido tomadas en la calle, en parques infantiles y en jardines de domicilios particulares, varias de ellas en traje de ba\u00f1o cuando se ba\u00f1aban en las piscinas de sus casas o jugando en columpios.<\/p>\n","protected":false},"excerpt":{"rendered":"<p>La Polic\u00eda Nacional ha detenido a un profesor de piano de una escuela de Mollet del Vall\u00e8s (Barcelona) por presuntamente hacer fotograf\u00edas con su m\u00f3vil a ni\u00f1as de 8 a 13 a\u00f1os y compartirlas luego con ped\u00f3filos, han explicado a Europa Press fuentes policiales. El acusado, docente de actividades extraescolares, fue arrestado el jueves 14 [&hellip;]<\/p>\n","protected":false},"author":3,"featured_media":48256,"comment_status":"open","ping_status":"open","sticky":false,"template":"","format":"standard","meta":{"footnotes":""},"categories":[85],"tags":[],"class_list":["post-48255","post","type-post","status-publish","format-standard","has-post-thumbnail","hentry","category-espana"],"_links":{"self":[{"href":"https:\/\/2horizontes.com\/index.php?rest_route=\/wp\/v2\/posts\/48255","targetHints":{"allow":["GET"]}}],"collection":[{"href":"https:\/\/2horizontes.com\/index.php?rest_route=\/wp\/v2\/posts"}],"about":[{"href":"https:\/\/2horizontes.com\/index.php?rest_route=\/wp\/v2\/types\/post"}],"author":[{"embeddable":true,"href":"https:\/\/2horizontes.com\/index.php?rest_route=\/wp\/v2\/users\/3"}],"replies":[{"embeddable":true,"href":"https:\/\/2horizontes.com\/index.php?rest_route=%2Fwp%2Fv2%2Fcomments&post=48255"}],"version-history":[{"count":1,"href":"https:\/\/2horizontes.com\/index.php?rest_route=\/wp\/v2\/posts\/48255\/revisions"}],"predecessor-version":[{"id":48257,"href":"https:\/\/2horizontes.com\/index.php?rest_route=\/wp\/v2\/posts\/48255\/revisions\/48257"}],"wp:featuredmedia":[{"embeddable":true,"href":"https:\/\/2horizontes.com\/index.php?rest_route=\/wp\/v2\/media\/48256"}],"wp:attachment":[{"href":"https:\/\/2horizontes.com\/index.php?rest_route=%2Fwp%2Fv2%2Fmedia&parent=48255"}],"wp:term":[{"taxonomy":"category","embeddable":true,"href":"https:\/\/2horizontes.com\/index.php?rest_route=%2Fwp%2Fv2%2Fcategories&post=48255"},{"taxonomy":"post_tag","embeddable":true,"href":"https:\/\/2horizontes.com\/index.php?rest_route=%2Fwp%2Fv2%2Ftags&post=48255"}],"curies":[{"name":"wp","href":"https:\/\/api.w.org\/{rel}","templated":true}]}}