{"id":48241,"date":"2016-04-21T07:13:23","date_gmt":"2016-04-21T06:13:23","guid":{"rendered":"http:\/\/2horizontes.com\/?p=48241"},"modified":"2016-04-21T07:13:23","modified_gmt":"2016-04-21T06:13:23","slug":"mexicanos-protestaron-desnudos-por-los-panama-papers","status":"publish","type":"post","link":"https:\/\/2horizontes.com\/?p=48241","title":{"rendered":"Mexicanos protestaron desnudos por los Panam\u00e1 Papers"},"content":{"rendered":"<p><strong>M\u00e9xico<\/strong><\/p>\n<p>Las oficinas de la Procurador\u00eda General de la Rep\u00fablica (PGR, fiscal\u00eda) y la avenida m\u00e1s famosa de M\u00e9xico DF, Paseo de la Reforma, volvieron a alterarse con una convocatoria del \u00abMovimiento de los 400 pueblos\u00bb, que esta vez hizo su famosa protesta sin ropa por la <b>aparici\u00f3n en los Panam\u00e1 Papers de la familia de Miguel \u00c1ngel Yunes, candidato del PAN a la gobernatura del estado de Veracruz.<\/b><\/p>\n<p><b>Pese a la lluvia<\/b>, los manifestantes desnudos reclamaron \u00abque la Procuradora General de la Rep\u00fablica investigue a la familia de Miguel \u00c1ngel Yunes Linares involucrada en los Panam\u00e1 Papers\u00bb.<\/p>\n<p>Los campesinos acusaron a Miguel \u00c1ngel Yunes Linares de ser \u00abun saqueador y defraudador del Instituto de Seguridad y Servicios Sociales de los Trabajadores del Estado (lo dirigi\u00f3 de 2006 a 2010) por enriquecimiento ante la Secretar\u00eda de Gobernaci\u00f3n y la PGR\u00bb.<\/p>\n<p><b>El pol\u00edtico, por su parte, ha negado que su familia est\u00e9 involucrada<\/b> en el esc\u00e1ndalo financiero que est\u00e1 salpicando a todo el planeta: \u00abMi hijo Omar no trat\u00f3, como se ha asegurado, de crear un fideicomiso en Nueva Zelanda poni\u00e9ndose como beneficiario junto con su esposa en un posible intento de evasi\u00f3n fiscal\u00bb.<\/p>\n<p>Y agreg\u00f3: \u00abNo hay ning\u00fan se\u00f1alamiento importante contra mi familia, hay un se\u00f1or que se llama Omar Yunes, que nadie dice que sea mi hijo. Hay 20 Omar Yunes en mi familia para empezar y muchos fuera de la familia\u00bb.<\/p>\n<p>F. Infobae.<\/p>\n","protected":false},"excerpt":{"rendered":"<p>M\u00e9xico Las oficinas de la Procurador\u00eda General de la Rep\u00fablica (PGR, fiscal\u00eda) y la avenida m\u00e1s famosa de M\u00e9xico DF, Paseo de la Reforma, volvieron a alterarse con una convocatoria del \u00abMovimiento de los 400 pueblos\u00bb, que esta vez hizo su famosa protesta sin ropa por la aparici\u00f3n en los Panam\u00e1 Papers de la familia [&hellip;]<\/p>\n","protected":false},"author":7,"featured_media":48242,"comment_status":"open","ping_status":"open","sticky":false,"template":"","format":"standard","meta":{"footnotes":""},"categories":[40],"tags":[],"class_list":["post-48241","post","type-post","status-publish","format-standard","has-post-thumbnail","hentry","category-internacionales"],"_links":{"self":[{"href":"https:\/\/2horizontes.com\/index.php?rest_route=\/wp\/v2\/posts\/48241","targetHints":{"allow":["GET"]}}],"collection":[{"href":"https:\/\/2horizontes.com\/index.php?rest_route=\/wp\/v2\/posts"}],"about":[{"href":"https:\/\/2horizontes.com\/index.php?rest_route=\/wp\/v2\/types\/post"}],"author":[{"embeddable":true,"href":"https:\/\/2horizontes.com\/index.php?rest_route=\/wp\/v2\/users\/7"}],"replies":[{"embeddable":true,"href":"https:\/\/2horizontes.com\/index.php?rest_route=%2Fwp%2Fv2%2Fcomments&post=48241"}],"version-history":[{"count":1,"href":"https:\/\/2horizontes.com\/index.php?rest_route=\/wp\/v2\/posts\/48241\/revisions"}],"predecessor-version":[{"id":48243,"href":"https:\/\/2horizontes.com\/index.php?rest_route=\/wp\/v2\/posts\/48241\/revisions\/48243"}],"wp:featuredmedia":[{"embeddable":true,"href":"https:\/\/2horizontes.com\/index.php?rest_route=\/wp\/v2\/media\/48242"}],"wp:attachment":[{"href":"https:\/\/2horizontes.com\/index.php?rest_route=%2Fwp%2Fv2%2Fmedia&parent=48241"}],"wp:term":[{"taxonomy":"category","embeddable":true,"href":"https:\/\/2horizontes.com\/index.php?rest_route=%2Fwp%2Fv2%2Fcategories&post=48241"},{"taxonomy":"post_tag","embeddable":true,"href":"https:\/\/2horizontes.com\/index.php?rest_route=%2Fwp%2Fv2%2Ftags&post=48241"}],"curies":[{"name":"wp","href":"https:\/\/api.w.org\/{rel}","templated":true}]}}