{"id":48213,"date":"2016-04-21T06:37:50","date_gmt":"2016-04-21T05:37:50","guid":{"rendered":"http:\/\/2horizontes.com\/?p=48213"},"modified":"2016-04-21T06:37:50","modified_gmt":"2016-04-21T05:37:50","slug":"rousseff-lleva-su-denuncia-de-golpe-a-la-onu-y-el-senado-se-le-pone-dificil","status":"publish","type":"post","link":"https:\/\/2horizontes.com\/?p=48213","title":{"rendered":"Rousseff lleva su denuncia de \u00abgolpe\u00bb a la ONU y el Senado se le pone dif\u00edcil"},"content":{"rendered":"<div id=\"ArticleAuthorDiv\" class=\"article-body-author\"><b>EFE | Eduardo Davis<\/b><\/div>\n<div id=\"ArticleSourceDiv\" class=\"article-body-author\"><b>Brasilia<\/b><\/div>\n<div id=\"ArticleBody\">\n<p>La presidenta brasile\u00f1a, Dilma Rousseff, se propone viajar este jueves a Nueva York para llevar a la ONU su denuncia de que sufre un intento de \u00abgolpe\u00bb, mientras en el Senado parece formarse una mayor\u00eda proclive a llevarla a un juicio pol\u00edtico con miras a su destituci\u00f3n.<\/p>\n<p>El viaje de Rousseff a Nueva York fue confirmado ayer y tiene como prop\u00f3sito la firma del Acuerdo de Par\u00eds sobre Cambio Clim\u00e1tico, en cuyas negociaciones Brasil particip\u00f3 activamente, pero la ocasi\u00f3n servir\u00e1 para que la mandataria exponga la crisis en que se encuentra el pa\u00eds y tambi\u00e9n su propia situaci\u00f3n.<\/p>\n<p>Fuentes cercanas a la Presidencia dijeron a Efe que una de las intenciones de Rousseff es aprovechar el escenario de la ONU y la presencia de decenas de jefes de Estado y de Gobierno para denunciar las intenciones \u00abgolpistas\u00bb que percibe por detr\u00e1s del proceso que pudiera abreviar su mandato.<\/p>\n<p>La mandataria tiene planes de regresar a Brasilia el viernes por la noche, tras asistir al acto en la ONU y, parad\u00f3jicamente, durante los dos d\u00edas que permanecer\u00e1 en Nueva York su cargo ser\u00e1 ocupado en forma interina por el vicepresidente Michel Temer, con quien ha roto toda relaci\u00f3n.<\/p>\n<p>Temer, primero en la l\u00ednea de sucesi\u00f3n en caso de una destituci\u00f3n de Rousseff, ha sido acusado por la mandataria de ser \u00abuno de los jefes de la conspiraci\u00f3n\u00bb y permanece recluido en su casa de Sao Paulo, que es objeto de una incesante romer\u00eda de pol\u00edticos.<\/p>\n<p>El intenso desfile de dirigentes de varios partidos, economistas y personalidades de diversos \u00e1mbitos ha llevado a la prensa local a afirmar que Temer est\u00e1 en plena conformaci\u00f3n del eventual Gobierno que podr\u00eda asumir en la primera quincena de mayo.<\/p>\n<p>Eso depender\u00e1 de la decisi\u00f3n que tome el Senado sobre el proceso contra Rousseff, que estar\u00e1 en manos de una comisi\u00f3n especial que ser\u00e1 instalada el pr\u00f3ximo lunes en la C\u00e1mara alta.<\/p>\n<p>Esa comisi\u00f3n analizar\u00e1 las acusaciones remitidas por la C\u00e1mara de Diputados, que se refieren a maniobras fiscales irregulares, y luego elaborar\u00e1 un informe que se prev\u00e9 que ser\u00e1 votado en el pleno del Senado alrededor del 10 de mayo.<\/p>\n<p>Si el Senado se inclinara por instaurar el juicio pol\u00edtico, la presidenta ser\u00e1 separada del cargo durante los 180 d\u00edas que durar\u00e1 el proceso y su lugar ser\u00e1 ocupado por Temer, quien completar\u00eda el mandato si se llegara a una destituci\u00f3n.<\/p>\n<p>La comisi\u00f3n de 21 senadores se instalar\u00e1 el pr\u00f3ximo lunes y ser\u00e1 presidida seguramente por un legislador del Partido del Movimiento Democr\u00e1tico Brasile\u00f1o (PMDB), que lidera Temer y tendr\u00e1 ese derecho como primera minor\u00eda en la c\u00e1mara, con 18 de los 81 esca\u00f1os.<\/p>\n<p>La instrucci\u00f3n del caso deber\u00eda recaer en la segunda minor\u00eda, que con 11 esca\u00f1os cada uno constituyen el Partido de los Trabajadores (PT), de Rousseff, y el Partido de la Social Democracia Brasile\u00f1a (PSDB), el m\u00e1s enconado opositor del Gobierno.<\/p>\n<p>El PSDB ha reclamado esa responsabilidad sobre la base de que el PT es \u00abparte interesada\u00bb en el proceso, por lo que una vez que sea instalada la comisi\u00f3n ese asunto deber\u00e1 dirimirse, posiblemente con el nombramiento para ese cargo de un senador del Partido Socialista Brasile\u00f1o (PSB), que tiene la tercera minor\u00eda con siete esca\u00f1os.<\/p>\n<p>La instauraci\u00f3n del juicio pol\u00edtico, que separar\u00eda a Rousseff del cargo durante seis meses, depender\u00e1 de que lo apoye la mitad de los 81 senadores, mientras que la votaci\u00f3n definitiva sobre el posible \u00abimpeachment\u00bb requerir\u00eda una mayor\u00eda de dos tercios (54 votos).<\/p>\n<p>En cualquiera de los casos, despu\u00e9s del varapalo que el Gobierno llev\u00f3 en la C\u00e1mara de Diputados, en la que el proceso avanz\u00f3 con una clara mayor\u00eda de 367 votos frente a 137, las cosas parecen cuesta arriba para Rousseff en el Senado.<\/p>\n<p>Sondeos hechos en la prensa local en la C\u00e1mara alta indican que al menos 46 senadores ya han manifestado su intenci\u00f3n de votar a favor del juicio, en tanto que unos 20 estar\u00edan en contra y el resto indecisos.<\/p>\n<p>M\u00e1s all\u00e1 de eso, de los 17 partidos representados en el Senado, doce votaron el pasado domingo en la C\u00e1mara de Diputados por la continuaci\u00f3n del proceso y s\u00f3lo cuatro lo rechazaron.<\/p>\n<\/div>\n","protected":false},"excerpt":{"rendered":"<p>EFE | Eduardo Davis Brasilia La presidenta brasile\u00f1a, Dilma Rousseff, se propone viajar este jueves a Nueva York para llevar a la ONU su denuncia de que sufre un intento de \u00abgolpe\u00bb, mientras en el Senado parece formarse una mayor\u00eda proclive a llevarla a un juicio pol\u00edtico con miras a su destituci\u00f3n. El viaje de [&hellip;]<\/p>\n","protected":false},"author":7,"featured_media":48214,"comment_status":"open","ping_status":"open","sticky":false,"template":"","format":"standard","meta":{"footnotes":""},"categories":[40,43],"tags":[],"class_list":["post-48213","post","type-post","status-publish","format-standard","has-post-thumbnail","hentry","category-internacionales","category-politica"],"_links":{"self":[{"href":"https:\/\/2horizontes.com\/index.php?rest_route=\/wp\/v2\/posts\/48213","targetHints":{"allow":["GET"]}}],"collection":[{"href":"https:\/\/2horizontes.com\/index.php?rest_route=\/wp\/v2\/posts"}],"about":[{"href":"https:\/\/2horizontes.com\/index.php?rest_route=\/wp\/v2\/types\/post"}],"author":[{"embeddable":true,"href":"https:\/\/2horizontes.com\/index.php?rest_route=\/wp\/v2\/users\/7"}],"replies":[{"embeddable":true,"href":"https:\/\/2horizontes.com\/index.php?rest_route=%2Fwp%2Fv2%2Fcomments&post=48213"}],"version-history":[{"count":1,"href":"https:\/\/2horizontes.com\/index.php?rest_route=\/wp\/v2\/posts\/48213\/revisions"}],"predecessor-version":[{"id":48215,"href":"https:\/\/2horizontes.com\/index.php?rest_route=\/wp\/v2\/posts\/48213\/revisions\/48215"}],"wp:featuredmedia":[{"embeddable":true,"href":"https:\/\/2horizontes.com\/index.php?rest_route=\/wp\/v2\/media\/48214"}],"wp:attachment":[{"href":"https:\/\/2horizontes.com\/index.php?rest_route=%2Fwp%2Fv2%2Fmedia&parent=48213"}],"wp:term":[{"taxonomy":"category","embeddable":true,"href":"https:\/\/2horizontes.com\/index.php?rest_route=%2Fwp%2Fv2%2Fcategories&post=48213"},{"taxonomy":"post_tag","embeddable":true,"href":"https:\/\/2horizontes.com\/index.php?rest_route=%2Fwp%2Fv2%2Ftags&post=48213"}],"curies":[{"name":"wp","href":"https:\/\/api.w.org\/{rel}","templated":true}]}}