{"id":4818,"date":"2015-04-10T11:03:51","date_gmt":"2015-04-10T11:03:51","guid":{"rendered":"http:\/\/2horizontes.com\/?p=4818"},"modified":"2015-04-10T13:39:09","modified_gmt":"2015-04-10T13:39:09","slug":"el-gobierno-acepta-eliminar-la-referencia-al-derecho-al-aborto-en-la-legislacion","status":"publish","type":"post","link":"https:\/\/2horizontes.com\/?p=4818","title":{"rendered":"El Gobierno acepta eliminar la referencia al derecho al aborto en la legislaci\u00f3n"},"content":{"rendered":"<p><a href=\"http:\/\/2horizontes.com\/wp-content\/uploads\/2015\/04\/cambianleyaborto.jpg\"><img loading=\"lazy\" decoding=\"async\" class=\" size-medium wp-image-4825 alignleft\" src=\"http:\/\/2horizontes.com\/wp-content\/uploads\/2015\/04\/cambianleyaborto-300x129.jpg\" alt=\"cambianleyaborto\" width=\"300\" height=\"129\" srcset=\"https:\/\/2horizontes.com\/wp-content\/uploads\/2015\/04\/cambianleyaborto-300x129.jpg 300w, https:\/\/2horizontes.com\/wp-content\/uploads\/2015\/04\/cambianleyaborto-510x219.jpg 510w, https:\/\/2horizontes.com\/wp-content\/uploads\/2015\/04\/cambianleyaborto.jpg 560w\" sizes=\"auto, (max-width: 300px) 100vw, 300px\" \/><\/a><\/p>\n<p>Madrid.-El Gobierno sigue enredado con la ley del aborto: ahora ha aceptado hacer m\u00e1s cambios en la ley para satisfacer a los sectores m\u00e1s conservadores del PP. En concreto, el Ejecutivo ha cedido a la presi\u00f3n de media docena de diputados y senadores que amenazaban con romper la disciplina y votar en contra de la proposici\u00f3n de ley que se debatir\u00e1 y votar\u00e1 por primera vez en el Congreso el pr\u00f3ximo martes.<\/p>\n<p>Inicialmente el Gobierno plante\u00f3\u00a0una reforma legal para pasar de una ley de plazos a una de supuestos. Luego rectific\u00f3 y lo dej\u00f3 en un m\u00ednimo retoque\u00a0para obligar al consentimiento de los padres para que abortasen las j\u00f3venes de 16 y 17 a\u00f1os. Ahora, adem\u00e1s, anuncia que durante el tr\u00e1mite parlamentario eliminar\u00e1 las dos referencias al derecho de las mujeres a su salud reproductiva para dejar claro que el aborto no es un derecho, como consagra la norma en vigor desde 2011.<\/p>\n<p>Hace varias semanas, el portavoz del Grupo Popular, Rafael Hernando, y el ministro de Sanidad, Alfonso Alonso, recibieron el mensaje de estos parlamentarios d\u00edscolos y\u00a0han intentado convecerles para que no rompan la disciplina de voto. Les han explicado que la ley est\u00e1 a expensas de lo que decida el Tribunal Constitucional y su disposici\u00f3n a dejar claro que el aborto no es un derecho. Ellos quieren eliminar los supuestos en la l\u00ednea del recurso que firmaron y encabezaron Soraya S\u00e1enz de Santamar\u00eda y Federico Trillo en 2011.<\/p>\n<p>\u201cEsta ley provoca mucha incomodidad entre los diputados y senadores del PP\u201d, asegura el senador popular \u00c1ngel Pintado, uno de los que han expresado su rechazo a la reforma legal. Intentaron sin \u00e9xito que la direcci\u00f3n del Grupo Popular les diera libertad, por lo que ser\u00e1n multados si votan en contra el martes en la toma en consideraci\u00f3n de la proposici\u00f3n de ley del PP. El PP no tiene garantizado el apoyo de ning\u00fan otro grupo.<\/p>\n<p>La portavoz socialista de Igualdad en el Congreso, Carmen Mont\u00f3n, lament\u00f3 que el Gobierno de Mariano Rajoy est\u00e9 legislando sobre el aborto \u201cde forma tramposa y por la puerta de atr\u00e1s, pensando en su inter\u00e9s electoral\u201d.<\/p>\n","protected":false},"excerpt":{"rendered":"<p>Madrid.-El Gobierno sigue enredado con la ley del aborto: ahora ha aceptado hacer m\u00e1s cambios en la ley para satisfacer a los sectores m\u00e1s conservadores del PP. En concreto, el Ejecutivo ha cedido a la presi\u00f3n de media docena de diputados y senadores que amenazaban con romper la disciplina y votar en contra de la [&hellip;]<\/p>\n","protected":false},"author":2,"featured_media":4825,"comment_status":"open","ping_status":"open","sticky":false,"template":"","format":"standard","meta":{"footnotes":""},"categories":[43],"tags":[],"class_list":["post-4818","post","type-post","status-publish","format-standard","has-post-thumbnail","hentry","category-politica"],"_links":{"self":[{"href":"https:\/\/2horizontes.com\/index.php?rest_route=\/wp\/v2\/posts\/4818","targetHints":{"allow":["GET"]}}],"collection":[{"href":"https:\/\/2horizontes.com\/index.php?rest_route=\/wp\/v2\/posts"}],"about":[{"href":"https:\/\/2horizontes.com\/index.php?rest_route=\/wp\/v2\/types\/post"}],"author":[{"embeddable":true,"href":"https:\/\/2horizontes.com\/index.php?rest_route=\/wp\/v2\/users\/2"}],"replies":[{"embeddable":true,"href":"https:\/\/2horizontes.com\/index.php?rest_route=%2Fwp%2Fv2%2Fcomments&post=4818"}],"version-history":[{"count":1,"href":"https:\/\/2horizontes.com\/index.php?rest_route=\/wp\/v2\/posts\/4818\/revisions"}],"predecessor-version":[{"id":4826,"href":"https:\/\/2horizontes.com\/index.php?rest_route=\/wp\/v2\/posts\/4818\/revisions\/4826"}],"wp:featuredmedia":[{"embeddable":true,"href":"https:\/\/2horizontes.com\/index.php?rest_route=\/wp\/v2\/media\/4825"}],"wp:attachment":[{"href":"https:\/\/2horizontes.com\/index.php?rest_route=%2Fwp%2Fv2%2Fmedia&parent=4818"}],"wp:term":[{"taxonomy":"category","embeddable":true,"href":"https:\/\/2horizontes.com\/index.php?rest_route=%2Fwp%2Fv2%2Fcategories&post=4818"},{"taxonomy":"post_tag","embeddable":true,"href":"https:\/\/2horizontes.com\/index.php?rest_route=%2Fwp%2Fv2%2Ftags&post=4818"}],"curies":[{"name":"wp","href":"https:\/\/api.w.org\/{rel}","templated":true}]}}