{"id":48140,"date":"2016-04-20T13:02:34","date_gmt":"2016-04-20T12:02:34","guid":{"rendered":"http:\/\/2horizontes.com\/?p=48140"},"modified":"2016-04-20T13:02:34","modified_gmt":"2016-04-20T12:02:34","slug":"jugarse-la-vida-a-842-metros-de-altura-por-una-foto-para-instagram","status":"publish","type":"post","link":"https:\/\/2horizontes.com\/?p=48140","title":{"rendered":"Jugarse la vida a 842 metros de altura por una foto para Instagram"},"content":{"rendered":"<p class=\"summary-lead\">Se trata de im\u00e1genes tomadas en Pedra da G\u00e1vea, un monumento natural con vistas privilegiadas de la ciudad de R\u00edo de Janeiro<\/p>\n<p>Esto es Pedra da G\u00e1vea, una roca situada a 842 metros sobre el nivel del mar en la Floresta da Tijuca en R\u00edo de Janeiro. Sus vistas privilegiadas convierten a este monumento natural en un excelente mirador al que turistas y cariocas acuden para disfrutar de una privilegiada vista de la ciudad costera.Su llamativa forma y su ubicaci\u00f3n convierten a este enclave en uno los lugares favoritos de los internautas para hacer fotograf\u00edas de la urbe mientras posan con una actitud divertida. Sin embargo, en ocasiones los turistas llegan a poner en riesgo su vida para logar la instant\u00e1nea m\u00e1s espectacular posible con R\u00edo de Janeiro a sus pies. Por el momento no ha habido que lamentar ning\u00fan fallecimiento durante la captura de un selfie desde la cima de Pedra da G\u00e1vea, que es accesible para cualquier paseante por un camino que atraviesa el parque natural. Sin embargo, varias personas han muerto en los \u00faltimos a\u00f1os al sufrir un accidentemientras escalaban este monumento natural o al saltar desde una piedra a otra.Disfrute de alguna de las im\u00e1genes m\u00e1s espectaculares<\/p>\n<p>As\u00ed de f\u00e1cil es &#8216;hackear&#8217; una cuenta de Instagram<br \/>\nInstagram intenta calmar a los usuarios: por ahora no habr\u00e1 cambios en el &#8216;timeline&#8217;<br \/>\nLa historia de Tuna: del abandono a la fama en Instagram<br \/>\nInstagram empezar\u00e1 a permitir v\u00eddeos de un minuto<\/p>\n","protected":false},"excerpt":{"rendered":"<p>Se trata de im\u00e1genes tomadas en Pedra da G\u00e1vea, un monumento natural con vistas privilegiadas de la ciudad de R\u00edo de Janeiro Esto es Pedra da G\u00e1vea, una roca situada a 842 metros sobre el nivel del mar en la Floresta da Tijuca en R\u00edo de Janeiro. Sus vistas privilegiadas convierten a este monumento natural [&hellip;]<\/p>\n","protected":false},"author":4,"featured_media":48141,"comment_status":"open","ping_status":"open","sticky":false,"template":"","format":"standard","meta":{"footnotes":""},"categories":[88],"tags":[],"class_list":["post-48140","post","type-post","status-publish","format-standard","has-post-thumbnail","hentry","category-tecnologia"],"_links":{"self":[{"href":"https:\/\/2horizontes.com\/index.php?rest_route=\/wp\/v2\/posts\/48140","targetHints":{"allow":["GET"]}}],"collection":[{"href":"https:\/\/2horizontes.com\/index.php?rest_route=\/wp\/v2\/posts"}],"about":[{"href":"https:\/\/2horizontes.com\/index.php?rest_route=\/wp\/v2\/types\/post"}],"author":[{"embeddable":true,"href":"https:\/\/2horizontes.com\/index.php?rest_route=\/wp\/v2\/users\/4"}],"replies":[{"embeddable":true,"href":"https:\/\/2horizontes.com\/index.php?rest_route=%2Fwp%2Fv2%2Fcomments&post=48140"}],"version-history":[{"count":1,"href":"https:\/\/2horizontes.com\/index.php?rest_route=\/wp\/v2\/posts\/48140\/revisions"}],"predecessor-version":[{"id":48142,"href":"https:\/\/2horizontes.com\/index.php?rest_route=\/wp\/v2\/posts\/48140\/revisions\/48142"}],"wp:featuredmedia":[{"embeddable":true,"href":"https:\/\/2horizontes.com\/index.php?rest_route=\/wp\/v2\/media\/48141"}],"wp:attachment":[{"href":"https:\/\/2horizontes.com\/index.php?rest_route=%2Fwp%2Fv2%2Fmedia&parent=48140"}],"wp:term":[{"taxonomy":"category","embeddable":true,"href":"https:\/\/2horizontes.com\/index.php?rest_route=%2Fwp%2Fv2%2Fcategories&post=48140"},{"taxonomy":"post_tag","embeddable":true,"href":"https:\/\/2horizontes.com\/index.php?rest_route=%2Fwp%2Fv2%2Ftags&post=48140"}],"curies":[{"name":"wp","href":"https:\/\/api.w.org\/{rel}","templated":true}]}}