{"id":48130,"date":"2016-04-20T12:42:56","date_gmt":"2016-04-20T11:42:56","guid":{"rendered":"http:\/\/2horizontes.com\/?p=48130"},"modified":"2016-04-20T12:42:56","modified_gmt":"2016-04-20T11:42:56","slug":"como-quedo-manta-el-principal-puerto-de-ecuador-tras-el-devastador-terremoto-de-magnitud-78","status":"publish","type":"post","link":"https:\/\/2horizontes.com\/?p=48130","title":{"rendered":"C\u00f3mo qued\u00f3 Manta, el principal puerto de Ecuador, tras el devastador terremoto de magnitud 7,8"},"content":{"rendered":"<div class=\"story-body\">\n<div class=\"story-body__inner\">\n<p class=\"story-body__introduction\">Lo primero que vio el presidente Rafael Correa al aterrizar este domingo por la tarde en la ciudad m\u00e1s rica de la provincia de Manab\u00ed fue un Ecuador muy distinto al que dej\u00f3 d\u00edas atr\u00e1s por la gira que lo llev\u00f3 a Estados Unidos y el Vaticano.<\/p>\n<p>Manta, el puerto m\u00e1s importante del pa\u00eds, lo esperaba a oscuras, <strong>s\u00f3lo iluminada por las luces de las ambulancias y de los carros de bomberos<\/strong>, y los focos de los autos que hac\u00edan cola para cargar combustible justo a la salida de la base de la Fuerza A\u00e9rea Ecuatoriana en la que aterriz\u00f3 su avi\u00f3n.<\/p>\n<p>En Manta, seg\u00fan reporta la Fiscal\u00eda General de la Rep\u00fablica, el terremoto dej\u00f3 al menos 105 muertos.<\/p>\n<p>Seg\u00fan el gobierno<strong> los muertos son ya m\u00e1s de 500, pero se teme que la cifra siga subiendo<\/strong>.<\/p>\n<p>Y es que los recastistas tienen cada vez menos esperanza de encontrar supervivientes entre los escombros, cinco d\u00edas despu\u00e9s del sismo, explic\u00f3 este mi\u00e9rcoles el viceministro de Interior Diego Fuentes.<\/p>\n<ul class=\"story-body__unordered-list\">\n<li class=\"story-body__list-item\">Terremoto de 7,8 en la zona costera de Ecuador deja centenares de muertos<\/li>\n<li class=\"story-body__list-item\">\u00abNecesito encontrar a mi beb\u00e9\u00bb: desgarradores testimonios de las v\u00edctimas del terremoto en Ecuador<\/li>\n<\/ul>\n<figure class=\"media-landscape has-caption full-width\"><span class=\"image-and-copyright-container\"><img loading=\"lazy\" decoding=\"async\" class=\"responsive-image__img js-image-replace alignleft\" src=\"http:\/\/ichef-1.bbci.co.uk\/news\/ws\/624\/amz\/worldservice\/live\/assets\/images\/2016\/04\/18\/160418053212_es_el_ms_grande_sismo_en_la_historia_de_ecuador_desde_1949_624x415_matiaszibell.bbcmundo_nocredit.jpg\" alt=\"Avi\u00f3n ca\u00eddo\" width=\"624\" height=\"415\" data-highest-encountered-width=\"624\" \/><span class=\"off-screen\">Image copyright<\/span><span class=\"story-image-copyright\">Matias Zibell. BBC Mundo<\/span><\/span><figcaption class=\"media-caption\"><span class=\"off-screen\">Image caption<\/span><span class=\"media-caption__text\">Es el m\u00e1s grande sismo en la historia de Ecuador desde 1949.<\/span><\/figcaption><\/figure>\n<p>El mandatario quiz\u00e1s pudo ver que el monumento insignia de la base a\u00e9rea -un avi\u00f3n militar con \u00abrostro\u00bb de tibur\u00f3n- cay\u00f3 al piso tras el terremoto de magnitud 7,8 que golpe\u00f3 con particular sa\u00f1a a Manab\u00ed.<\/p>\n<p>Peor le fue al aeropuerto internacional de la ciudad, <strong>cuya torre de control se desplom\u00f3 sobre el pavimento<\/strong>, como si hubiese decidido por una vez aterrizar ella sobre la pista en lugar de las aeronaves.<\/p>\n<h2 class=\"story-body__crosshead\">Primera vez<\/h2>\n<p>La llegada y partida del presidente de la Rep\u00fablica alter\u00f3 por unos instantes una rutina de por s\u00ed alterada de la base, que no ha dejado de operar desde que se desat\u00f3 la tragedia.<\/p>\n<ul class=\"story-body__unordered-list\">\n<li class=\"story-body__list-item\">Mira la devastaci\u00f3n que caus\u00f3 el terremoto en Ecuador<\/li>\n<\/ul>\n<p>Aqu\u00ed llegan los aviones <strong>con ayuda nacional e internacional<\/strong> para combatir los efectos del desastre que ha movilizado a todo el pa\u00eds sudamericano.<\/p>\n<figure class=\"media-landscape has-caption full-width\"><span class=\"image-and-copyright-container\"><span class=\"off-screen\">Image copyright<\/span><span class=\"story-image-copyright\">Matias Zibell. BBC Mundo<\/span><\/span><figcaption class=\"media-caption\"><span class=\"off-screen\">Image caption<\/span><span class=\"media-caption__text\">As\u00ed qued\u00f3 el aeropuerto internacional de Manta despu\u00e9s del terremoto.<\/span><\/figcaption><\/figure>\n<p>El primero en aterrizar fue un avi\u00f3n de la<strong> Fuerza A\u00e9rea de Venezuela<\/strong> seguido por otra aeronave proveniente de Quito. Se esperaban en las pr\u00f3ximas horas vuelos de <strong>Cuba y de Colombia.<\/strong><\/p>\n<p>En el avi\u00f3n de la capital lleg\u00f3 Juan Carlos Amagua\u00f1a, m\u00e9dico de la Universidad Central del Ecuador y parte de un contingente de 60 profesionales, incluyendo<strong>bomberos aeron\u00e1uticos, param\u00e9dicos y personal especializado en rescate.<\/strong><\/p>\n<p>\u00abNuestro destino son las poblaciones de Bah\u00eda de Caraquez, San Clemente y San Jacinto. Lo \u00fanico que sabemos es que <strong>media cuidad de Bah\u00eda est\u00e1 colapsada y otras lo est\u00e1n totalmente<\/strong>\u00ab.<\/p>\n<figure class=\"media-landscape has-caption full-width\"><span class=\"image-and-copyright-container\"><img loading=\"lazy\" decoding=\"async\" class=\"responsive-image__img js-image-replace alignleft\" src=\"http:\/\/ichef.bbci.co.uk\/news\/ws\/624\/amz\/worldservice\/live\/assets\/images\/2016\/04\/18\/160418051126_el_presidente_ecuatoriano_suspendi_su_gira_por_el_vaticano_y_retorn_a_ecuador_el_domingo_624x415_afp_nocredit.jpg\" alt=\"Rafael Correa con un herido\" width=\"624\" height=\"415\" data-highest-encountered-width=\"624\" \/><\/span><figcaption class=\"media-caption\"><span class=\"media-caption__text\">El presidente ecuatoriano suspendi\u00f3 su gira por el Vaticano y retorn\u00f3 a Ecuador el domingo.<\/span><\/figcaption><\/figure>\n<p>Detr\u00e1s de Amagua\u00f1a apareci\u00f3 un joven llamado Jonhatan Velasco, identific\u00e1ndose orgulloso como<strong> presidente de la Asociaci\u00f3n de Estudiantes de Medicina de la Universidad Central del Ecuador<\/strong>, admiti\u00f3 luego que ni \u00e9l ni sus compa\u00f1eros se hab\u00edan enfrentado jam\u00e1s a un escenario de esta naturaleza.<\/p>\n<p>\u00abEs la primera situaci\u00f3n real que tenemos. Durante toda nuestra carrera hemos tenido una pr\u00e1ctica m\u00e9dica, pero una forma tangible de vincularnos con la sociedad va a ser \u00e9sta. <strong>Nos dijeron que nos \u00edbamos a encontrar de todo y venimos preparados para lo que sea<\/strong>\u00ab.<\/p>\n<div id=\"ns_datapic_ecuador-correa\" class=\"idt__mundo ns_datapic_quote ns_datapic_quote--ecuador-correa newsspec_infographic_template\">\n<div class=\"ns_outer_wrapper ns_outer_wrapper__align-top\">\n<div class=\"ns_inner_wrapper\">\n<div class=\"ns_quote_mark\"><\/div>\n<p class=\"ns_quote ns_quote__size--small \">Este es nuestro pueblo, esta es nuestra gente, el presidente nos dijo que ayudemos y nosotros hacemos lo que sea para ayudar<\/p>\n<div class=\"ns_author \"><\/div>\n<\/div>\n<div class=\"ns_outer_wrapper_img_src\">AP<\/div>\n<\/div>\n<\/div>\n<h2 class=\"story-body__crosshead\">Los que se van<\/h2>\n<p>Los aviones no s\u00f3lo aterrizan en la base de la Fuerza A\u00e9rea en Manta sino que tambi\u00e9n despegan de forma constante.<\/p>\n<p>El capit\u00e1n Jaime Arroyo <strong>no ha parado de trasladar heridos fuera de Manab\u00ed<\/strong> y de volver con personal m\u00e9dico especializado.<\/p>\n<ul class=\"story-body__unordered-list\">\n<li class=\"story-body__list-item\">El drama de Pedernales, el pueblo m\u00e1s golpeado por el terremoto en Ecuador<\/li>\n<\/ul>\n<p>\u00ab<strong>Vamos alrededor de siete vuelos desde que empezamos<\/strong> las operaciones muy temprano. Salimos hacia Guayaquil y Quito. Estamos operando las 24 horas: cambiamos tripulaci\u00f3n y <strong>volamos todo el tiempo<\/strong>\u00ab.<\/p>\n<figure class=\"media-landscape has-caption body-narrow-width\"><span class=\"image-and-copyright-container\"><img loading=\"lazy\" decoding=\"async\" class=\"responsive-image__img js-image-replace alignleft\" src=\"http:\/\/ichef.bbci.co.uk\/news\/ws\/304\/amz\/worldservice\/live\/assets\/images\/2016\/04\/18\/160418052434_equipos_especiales_levantan_los_escombors_en_las_zonas_afectadas_304x171_afp_nocredit.jpg\" alt=\"Escombros en Manta\" width=\"304\" height=\"171\" data-highest-encountered-width=\"304\" \/><\/span><figcaption class=\"media-caption\"><span class=\"media-caption__text\">Equipos especiales levantan los escombors en las zonas afectadas.<\/span><\/figcaption><\/figure>\n<p>A su aeronave, especialmente dise\u00f1ada para trasladar heridos, llegan los pacientes que los m\u00e9dicos pueden estabilizar para el viaje.<\/p>\n<p>Pero debido a lo cr\u00edtico de la situaci\u00f3n, Ecuador no se puede dar el lujo de depender s\u00f3lo de aviones dise\u00f1ados para tragedias.<\/p>\n<p>Frente a mis ojos <strong>un grupo de param\u00e9dicos sube en andas a un herido<\/strong> por la escalinata de un avi\u00f3n civil de la empresa a\u00e9rea estatal Tame.<\/p>\n<figure class=\"media-landscape has-caption full-width\"><span class=\"image-and-copyright-container\"><img loading=\"lazy\" decoding=\"async\" class=\"responsive-image__img js-image-replace\" src=\"http:\/\/ichef-1.bbci.co.uk\/news\/ws\/624\/amz\/worldservice\/live\/assets\/images\/2016\/04\/18\/160418053532_ayuda_de_venezuela_bolivia_colombia_y_mxico_llegar_a_ecuador_en_las_siguientes_horas_624x415_matiaszibell.bbcmundo_nocredit.jpg\" alt=\"Ayuda en aviones\" width=\"624\" height=\"415\" data-highest-encountered-width=\"624\" \/><span class=\"off-screen\">Image copyright<\/span><span class=\"story-image-copyright\">Matias Zibell. BBC Mundo<\/span><\/span><figcaption class=\"media-caption\"><span class=\"off-screen\">Image caption<\/span><span class=\"media-caption__text\">Ayuda de Venezuela, Bolivia, Colombia y M\u00e9xico llegar\u00e1 a Ecuador en las siguientes horas.<\/span><\/figcaption><\/figure>\n<p>Un miembro de la tripulaci\u00f3n, que en otras circunstancias estar\u00eda sirviendo bandejas de comida a los turistas, mira el avi\u00f3n, mira la grabadora de BBC Mundo y, como para explicar la extra\u00f1a escena de un herido subido en andas a un avi\u00f3n civil, dice en voz alta:<\/p>\n<p>\u00ab<strong>\u00c9ste es nuestro pueblo, \u00e9sta es nuestra gente, el presidente nos dijo que ayudemos y nosotros hacemos lo que sea para ayudar<\/strong>\u00ab.<\/p>\n<p>Mientras, en el puerto de Manta, ese presidente viaja a oscuras por un pa\u00eds muy diferente al que dej\u00f3 hace unos d\u00edas.<\/p>\n<figure class=\"media-landscape no-caption full-width\"><span class=\"image-and-copyright-container\"><img loading=\"lazy\" decoding=\"async\" class=\"responsive-image__img js-image-replace\" src=\"http:\/\/ichef.bbci.co.uk\/news\/ws\/624\/amz\/worldservice\/live\/assets\/images\/2016\/04\/18\/160418115339_ecuador_earthquake_624map_mundo.png\" alt=\"\" width=\"624\" height=\"600\" data-highest-encountered-width=\"624\" \/><\/span><\/figure>\n<\/div>\n<\/div>\n<div class=\"share share--lightweight  show ghost-column\">\n<div id=\"share-tools\"><\/div>\n<\/div>\n","protected":false},"excerpt":{"rendered":"<p>Lo primero que vio el presidente Rafael Correa al aterrizar este domingo por la tarde en la ciudad m\u00e1s rica de la provincia de Manab\u00ed fue un Ecuador muy distinto al que dej\u00f3 d\u00edas atr\u00e1s por la gira que lo llev\u00f3 a Estados Unidos y el Vaticano. Manta, el puerto m\u00e1s importante del pa\u00eds, lo [&hellip;]<\/p>\n","protected":false},"author":4,"featured_media":48131,"comment_status":"open","ping_status":"open","sticky":false,"template":"","format":"standard","meta":{"footnotes":""},"categories":[40,84],"tags":[],"class_list":["post-48130","post","type-post","status-publish","format-standard","has-post-thumbnail","hentry","category-internacionales","category-otras-noticias"],"_links":{"self":[{"href":"https:\/\/2horizontes.com\/index.php?rest_route=\/wp\/v2\/posts\/48130","targetHints":{"allow":["GET"]}}],"collection":[{"href":"https:\/\/2horizontes.com\/index.php?rest_route=\/wp\/v2\/posts"}],"about":[{"href":"https:\/\/2horizontes.com\/index.php?rest_route=\/wp\/v2\/types\/post"}],"author":[{"embeddable":true,"href":"https:\/\/2horizontes.com\/index.php?rest_route=\/wp\/v2\/users\/4"}],"replies":[{"embeddable":true,"href":"https:\/\/2horizontes.com\/index.php?rest_route=%2Fwp%2Fv2%2Fcomments&post=48130"}],"version-history":[{"count":1,"href":"https:\/\/2horizontes.com\/index.php?rest_route=\/wp\/v2\/posts\/48130\/revisions"}],"predecessor-version":[{"id":48132,"href":"https:\/\/2horizontes.com\/index.php?rest_route=\/wp\/v2\/posts\/48130\/revisions\/48132"}],"wp:featuredmedia":[{"embeddable":true,"href":"https:\/\/2horizontes.com\/index.php?rest_route=\/wp\/v2\/media\/48131"}],"wp:attachment":[{"href":"https:\/\/2horizontes.com\/index.php?rest_route=%2Fwp%2Fv2%2Fmedia&parent=48130"}],"wp:term":[{"taxonomy":"category","embeddable":true,"href":"https:\/\/2horizontes.com\/index.php?rest_route=%2Fwp%2Fv2%2Fcategories&post=48130"},{"taxonomy":"post_tag","embeddable":true,"href":"https:\/\/2horizontes.com\/index.php?rest_route=%2Fwp%2Fv2%2Ftags&post=48130"}],"curies":[{"name":"wp","href":"https:\/\/api.w.org\/{rel}","templated":true}]}}