{"id":48021,"date":"2016-04-20T08:37:54","date_gmt":"2016-04-20T07:37:54","guid":{"rendered":"http:\/\/2horizontes.com\/?p=48021"},"modified":"2016-04-20T08:37:54","modified_gmt":"2016-04-20T07:37:54","slug":"fidel-castro-defiende-legado-comunista-en-discurso-con-aires-de-despedida","status":"publish","type":"post","link":"https:\/\/2horizontes.com\/?p=48021","title":{"rendered":"Fidel Castro defiende legado comunista en discurso con aires de despedida"},"content":{"rendered":"<div id=\"ArticleAuthorDiv\" class=\"article-body-author\"><b>AFP<\/b><\/div>\n<div id=\"ArticleSourceDivMail\" class=\"article-body-author\"><b>LA HABANA<\/b><\/div>\n<div id=\"ArticleBody\">\n<p>A cuatro meses de que cumpla 90 a\u00f1os, Fidel Castro pronunci\u00f3 este martes un discurso con aires de despedida en el que confi\u00f3 que el legado revolucionario cubano perdure despu\u00e9s de su muerte.<\/p>\n<p>El l\u00edder cubano, quien volvi\u00f3 a referirse a las amenazas para la supervivencia humana, intervino junto con su hermano, el presidente Ra\u00fal Castro, en la clausura del S\u00e9ptimo Congreso del Partido Comunista de Cuba (PCC) celebrado en La Habana.<\/p>\n<p>\u00abPronto deber\u00e9 cumplir 90 a\u00f1os. Nunca se me habr\u00eda ocurrido tal idea y nunca fue fruto de un esfuerzo, fue capricho del azar. Pronto ser\u00e9 ya como todos los dem\u00e1s. A todos nos llegar\u00e1 nuestro turno\u00bb, afirm\u00f3 Fidel Castro en un corto discurso que pronunci\u00f3 sentado.<\/p>\n<p>Sus declaraciones fueron difundidas en diferido por la televisi\u00f3n estatal.<\/p>\n<p>Un Fidel de buen semblante, con camisa y chaqueta deportiva azul, agreg\u00f3 que tras su muerte \u00abquedar\u00e1n las ideas de los comunistas cubanos como prueba de que en este planeta, si se trabaja con fervor y dignidad, se pueden producir los bienes materiales y culturales que los seres humanos necesitan\u00bb.<\/p>\n<p>A nuestros hermanos de Am\u00e9rica Latina y del mundo &#8211; indic\u00f3 &#8211; \u00abdebemos trasmitirles que el pueblo cubano vencer\u00e1\u00bb.<\/p>\n<p>\u00abTal vez sea de las \u00faltimas veces que hable en esta sala\u00bb, dijo Castro en tono firme, y agradeci\u00f3 despu\u00e9s a su hermano por el \u00abmagnifico esfuerzo\u00bb al frente del PCC.<\/p>\n<p><strong>El armamento, el mayor peligro<\/strong><br \/>\nFidel fue ovacionado de pie por los 1.000 delegados del PCC e invitados que deliberaron desde el s\u00e1bado en el Palacio de Convenciones.<\/p>\n<p>Es la segunda vez que Fidel es visto en p\u00fablico en los \u00faltimos 12 d\u00edas, tras hablar en una escuela el pasado 7 de abril.<\/p>\n<p>Entonces, luc\u00eda de buen aspecto aunque se le vio siempre sentado recordando a su cu\u00f1ada Vilma Esp\u00edn, esposa de Ra\u00fal, hero\u00edna de la revoluci\u00f3n y quien falleci\u00f3 en 2007.<\/p>\n<p>En esta ocasi\u00f3n \u00ablo sent\u00ed un poco melanc\u00f3lico, como si se estuviera despidiendo. \u00c9l sabe que quiz\u00e1 haya sido el \u00faltimo congreso del partido en el que pueda participar\u00bb, coment\u00f3 a la AFP Natalia D\u00edaz, una ingeniera industrial de 54 a\u00f1os.<\/p>\n<p>Retirado del poder desde 2006 a causa de una enfermedad que lo oblig\u00f3 a delegar funciones en su hermano, Fidel tambi\u00e9n particip\u00f3 en 2011 junto a Ra\u00fal en la clausura del Sexto Congreso del PCC.<\/p>\n<p>Durante su discurso, el padre de la revoluci\u00f3n cubana volvi\u00f3 sobre uno de los temas que m\u00e1s lo obsesionan en su vejez: \u00abel poder destructivo del armamento moderno que podr\u00eda socavar la paz del planeta y hacer imposible la vida humana sobre la superficie terrestre\u00bb.<\/p>\n<p>Asimismo, insisti\u00f3 en su preocupaci\u00f3n por la seguridad alimentaria, el acceso al agua y los efectos del cambio clim\u00e1tico en las futuras generaciones.<\/p>\n<p>\u00ab\u00bfQui\u00e9n va a alimentar a los pueblos sedientos de \u00c1frica sin tecnolog\u00edas a su alcance, ni lluvias, ni embalses, ni m\u00e1s dep\u00f3sitos subterr\u00e1neos que los cubiertos por arenas? Veremos que dicen los gobiernos que casi en su totalidad suscribieron los compromisos clim\u00e1ticos\u00bb, dijo.<\/p>\n<p>Fidel restringi\u00f3 en los \u00faltimos tiempos sus actividades p\u00fablicas y espor\u00e1dicamente recibe a l\u00edderes internacionales o escribe art\u00edculos de coyuntura.<\/p>\n<p>Michael Shifter, presidente del centro de reflexi\u00f3n Dialogo Interamericano, con sede en Estados Unidos, consider\u00f3 llamativa la aparici\u00f3n de Fidel en la sesi\u00f3n de clausura.<\/p>\n<p>Para este experto, Fidel fue como un \u00abfantasma\u00bb que reapareci\u00f3 para ratificar el rumbo comunista ante los vientos de cambio que parec\u00edan soplar sobre la isla despu\u00e9s de la reconciliaci\u00f3n pol\u00edtica con Estados Unidos.<\/p>\n<p>Aun bajo la influencia de Fidel, el PCC &#8211; el mayor \u00f3rgano de decisi\u00f3n en Cuba &#8211; descart\u00f3 grandes cambios para los pr\u00f3ximos cinco a\u00f1os en medio del proceso de apertura gradual al sector privado iniciado por Ra\u00fal Castro en 2008.<\/p>\n<\/div>\n","protected":false},"excerpt":{"rendered":"<p>AFP LA HABANA A cuatro meses de que cumpla 90 a\u00f1os, Fidel Castro pronunci\u00f3 este martes un discurso con aires de despedida en el que confi\u00f3 que el legado revolucionario cubano perdure despu\u00e9s de su muerte. El l\u00edder cubano, quien volvi\u00f3 a referirse a las amenazas para la supervivencia humana, intervino junto con su hermano, [&hellip;]<\/p>\n","protected":false},"author":7,"featured_media":48022,"comment_status":"open","ping_status":"open","sticky":false,"template":"","format":"standard","meta":{"footnotes":""},"categories":[49,40,43],"tags":[],"class_list":["post-48021","post","type-post","status-publish","format-standard","has-post-thumbnail","hentry","category-cuba","category-internacionales","category-politica"],"_links":{"self":[{"href":"https:\/\/2horizontes.com\/index.php?rest_route=\/wp\/v2\/posts\/48021","targetHints":{"allow":["GET"]}}],"collection":[{"href":"https:\/\/2horizontes.com\/index.php?rest_route=\/wp\/v2\/posts"}],"about":[{"href":"https:\/\/2horizontes.com\/index.php?rest_route=\/wp\/v2\/types\/post"}],"author":[{"embeddable":true,"href":"https:\/\/2horizontes.com\/index.php?rest_route=\/wp\/v2\/users\/7"}],"replies":[{"embeddable":true,"href":"https:\/\/2horizontes.com\/index.php?rest_route=%2Fwp%2Fv2%2Fcomments&post=48021"}],"version-history":[{"count":1,"href":"https:\/\/2horizontes.com\/index.php?rest_route=\/wp\/v2\/posts\/48021\/revisions"}],"predecessor-version":[{"id":48023,"href":"https:\/\/2horizontes.com\/index.php?rest_route=\/wp\/v2\/posts\/48021\/revisions\/48023"}],"wp:featuredmedia":[{"embeddable":true,"href":"https:\/\/2horizontes.com\/index.php?rest_route=\/wp\/v2\/media\/48022"}],"wp:attachment":[{"href":"https:\/\/2horizontes.com\/index.php?rest_route=%2Fwp%2Fv2%2Fmedia&parent=48021"}],"wp:term":[{"taxonomy":"category","embeddable":true,"href":"https:\/\/2horizontes.com\/index.php?rest_route=%2Fwp%2Fv2%2Fcategories&post=48021"},{"taxonomy":"post_tag","embeddable":true,"href":"https:\/\/2horizontes.com\/index.php?rest_route=%2Fwp%2Fv2%2Ftags&post=48021"}],"curies":[{"name":"wp","href":"https:\/\/api.w.org\/{rel}","templated":true}]}}