{"id":48011,"date":"2016-04-20T00:06:35","date_gmt":"2016-04-19T23:06:35","guid":{"rendered":"http:\/\/2horizontes.com\/?p=48011"},"modified":"2016-04-20T00:06:35","modified_gmt":"2016-04-19T23:06:35","slug":"presidenta-del-circulo-de-locutores-afirma-entidad-vive-su-mejor-momento","status":"publish","type":"post","link":"https:\/\/2horizontes.com\/?p=48011","title":{"rendered":"Presidenta del C\u00edrculo de Locutores afirma entidad vive su mejor momento"},"content":{"rendered":"<div class=\"detalle-texto\">\n<div class=\"text\">\n<p>SANTO DOMINGO. En el marco del inicio de la Semana del Locutor, la presidenta del gremio que agrupa a los profesionales del micr\u00f3fono, Ana Daisy Guerrero, sostuvo que la entidad vive un momento de completa estabilidad y unidad.<\/p>\n<p>Guerrero, durante ofrenda floral en el Altar de la Patria, dijo que este a\u00f1o la Semana del Locutor comprendida del 18 al 24 de abril, est\u00e1 dedicada a las estrellas de generaciones, Mar\u00eda Cristina Camilo y Jatnna Tav\u00e1rez, ambas miembros merit\u00edsimas del C\u00edrculo de Locutores Dominicanos (CLD).<\/p>\n<p>Destac\u00f3 que en su gesti\u00f3n la entidad ha sido equipada, se le ha dado domicilio decente, reconstrucci\u00f3n de la base de datos que fue desaparecida, carnetizaci\u00f3n de todas las filiales, saldo de las deudas del pasado y restablecimiento del v\u00ednculo con las provincias.<\/p>\n<p>\u201cEsta celebraci\u00f3n tiene un sabor especial por ser dedicada a dos mujeres que son reales columnas de la locuci\u00f3n dominicana. \u201cMaita\u201d y Jatnna al igual que la gesti\u00f3n que hemos realizado al frente del CLD, me llenan del orgullo que hoy derrocho frente a los padres fundadores de la nacionalidad dominicana\u201d, expres\u00f3 Guerrero.<\/p>\n<p>\u201cEs un gran honor reconocer la loable trayectoria de dos leyendas de la locuci\u00f3n dominicana y al mismo tiempo honrar a los profesionales del micr\u00f3fono en nuestro d\u00eda\u201d, adujo.<\/p>\n<p>Por su extraordinaria labor dentro de la radio nacional Mar\u00eda Cristina Camilo, recibi\u00f3 \u201cEl Micr\u00f3fono de Plata\u201d en 1975, fue condecorada con la \u201cOrden de Duarte, S\u00e1nchez y Mella en el Grado de Caballero en 1977, tiene varios premios \u201cCasandra\u201d, de la Asociaci\u00f3n de Cronistas de Arte, 4 \u201cMicr\u00f3fonos de Oro\u201d y \u201cEl Gran Micr\u00f3fono de Oro\u201d que otorga el Circulo de Locutores Dominicanos, y en 1983 fue declarada \u201cInmortal de la Locuci\u00f3n Dominicana\u201d. Tambi\u00e9n fue declarada \u201cHija Meritoria\u201d de San Francisco de Macor\u00eds y el autor Luis Dante Castillo, recoge su biograf\u00eda en el libro: \u201cMar\u00eda Cristina Camilo, una estrella dominicana. 92 a\u00f1os de historia\u201d.<\/p>\n<p>En el caso de Jatnna Tav\u00e1rez, lleva 31 a\u00f1os en los medios de comunicaci\u00f3n, ha recibido m\u00e1s de 200 distinciones y premios, entre los que podemos citar: 16 premios Casandra, 1 premio Soberano, 12 Micr\u00f3fonos de Oro, Distinciones de los Presidentes Constitucionales de la Rep\u00fablica, reconocimientos de varios Ayuntamientos como \u201cHija Ilustre\u201d, el \u201cGran Premio\u201d del mundo diplom\u00e1tico internacional, premio Jaycees \u201cJ\u00f3venes Sobresalientes\u201d y C\u00edrculo Supremo de Plata de la misma premiaci\u00f3n.<\/p>\n<p>Se recuerda que la primera mujer en presidir el C\u00edrculo de Locutores Dominicanos fue Ada Reyes, en el periodo 1994-1996, luego Clara In\u00e9s Caraballo, fue la segunda y Ana Daisy Guerrero, lo dirige en la actualidad, por lo que es indiscutible que las mujeres tienen su historia en la locuci\u00f3n nacional.<\/p>\n<p>Programa de actividades Semana del Locutor<\/p>\n<p>El programa de actividades dado a conocer por la presidenta del CLD, inici\u00f3 este lunes con ofrenda floral en el Altar de la Patria y continua hoy a las 6:00 de la tarde con una misa de acci\u00f3n de gracias en memoria de los locutores fallecidos. La eucarist\u00eda ser\u00e1 oficiada por el Padre Monse\u00f1or Benito \u00c1ngeles, capell\u00e1n del C\u00edrculo de Locutores Dominicanos, en la Parroquia San Antonio De Padua en San Ger\u00f3nimo.<\/p>\n<p>Para el martes 19 se realizar\u00e1 la entrega de cientos de seguros m\u00e9dicos a locutores y una tarde de relajaci\u00f3n con terapia oriental, a las 5:00 de la tarde, en la sede central del CLD. El mi\u00e9rcoles 20 se llevar\u00e1 charla a Locutores para Inserci\u00f3n en el Proyecto de Viviendas Ciudad Profesor Juan Bosch y aplicaci\u00f3n al bono de primera vivienda, a las 4:00 de la tarde, en la sede central del CLD.<\/p>\n<p>Mientras que para el jueves 21 se firmar\u00e1 un convenio de cooperaci\u00f3n entre el C\u00edrculo de Locutores Dominicanos y la Asociaci\u00f3n de Estudiantes de Comunicaci\u00f3n Social (ASECOS-UASD). Adem\u00e1s se entregar\u00e1 un reconocimiento a la destacada locutora Francia Polanco. El acto se efectuar\u00e1 en el Paraninfo de Ciencias Jur\u00eddicas y Pol\u00edticas, a las 4:00 de la tarde.<\/p>\n<p>Para el viernes 22 habr\u00e1 una Tarde de T\u00e9 y exposici\u00f3n art\u00edstica, a las 4:00 de la tarde, en la sede central del CLD.<\/p>\n<p>Asimismo el s\u00e1bado 23 se realizar\u00e1 el Primer Congreso Nacional de la Locuci\u00f3n, en el Paraninfo de Ciencias Jur\u00eddicas y Pol\u00edticas, a las 8:00 de la tarde.<\/p>\n<p>La culminaci\u00f3n de la Semana del Locutor, ser\u00e1 el domingo 24 de abril con un Torneo Nacional de Softbol, en el Club los Cacheos de Azua, desde las 7:00 de la ma\u00f1ana hasta la 5:00 de la tarde.<\/p>\n<\/div>\n<\/div>\n","protected":false},"excerpt":{"rendered":"<p>SANTO DOMINGO. En el marco del inicio de la Semana del Locutor, la presidenta del gremio que agrupa a los profesionales del micr\u00f3fono, Ana Daisy Guerrero, sostuvo que la entidad vive un momento de completa estabilidad y unidad. Guerrero, durante ofrenda floral en el Altar de la Patria, dijo que este a\u00f1o la Semana del [&hellip;]<\/p>\n","protected":false},"author":13240,"featured_media":48013,"comment_status":"open","ping_status":"open","sticky":false,"template":"","format":"standard","meta":{"footnotes":""},"categories":[84,44],"tags":[],"class_list":["post-48011","post","type-post","status-publish","format-standard","has-post-thumbnail","hentry","category-otras-noticias","category-republica-dominicana"],"_links":{"self":[{"href":"https:\/\/2horizontes.com\/index.php?rest_route=\/wp\/v2\/posts\/48011","targetHints":{"allow":["GET"]}}],"collection":[{"href":"https:\/\/2horizontes.com\/index.php?rest_route=\/wp\/v2\/posts"}],"about":[{"href":"https:\/\/2horizontes.com\/index.php?rest_route=\/wp\/v2\/types\/post"}],"author":[{"embeddable":true,"href":"https:\/\/2horizontes.com\/index.php?rest_route=\/wp\/v2\/users\/13240"}],"replies":[{"embeddable":true,"href":"https:\/\/2horizontes.com\/index.php?rest_route=%2Fwp%2Fv2%2Fcomments&post=48011"}],"version-history":[{"count":1,"href":"https:\/\/2horizontes.com\/index.php?rest_route=\/wp\/v2\/posts\/48011\/revisions"}],"predecessor-version":[{"id":48016,"href":"https:\/\/2horizontes.com\/index.php?rest_route=\/wp\/v2\/posts\/48011\/revisions\/48016"}],"wp:featuredmedia":[{"embeddable":true,"href":"https:\/\/2horizontes.com\/index.php?rest_route=\/wp\/v2\/media\/48013"}],"wp:attachment":[{"href":"https:\/\/2horizontes.com\/index.php?rest_route=%2Fwp%2Fv2%2Fmedia&parent=48011"}],"wp:term":[{"taxonomy":"category","embeddable":true,"href":"https:\/\/2horizontes.com\/index.php?rest_route=%2Fwp%2Fv2%2Fcategories&post=48011"},{"taxonomy":"post_tag","embeddable":true,"href":"https:\/\/2horizontes.com\/index.php?rest_route=%2Fwp%2Fv2%2Ftags&post=48011"}],"curies":[{"name":"wp","href":"https:\/\/api.w.org\/{rel}","templated":true}]}}