{"id":47993,"date":"2016-04-19T23:45:19","date_gmt":"2016-04-19T22:45:19","guid":{"rendered":"http:\/\/2horizontes.com\/?p=47993"},"modified":"2016-04-19T23:45:19","modified_gmt":"2016-04-19T22:45:19","slug":"dictan-prision-preventiva-en-contra-de-otro-imputado-en-intento-de-asalto-a-fenatrano","status":"publish","type":"post","link":"https:\/\/2horizontes.com\/?p=47993","title":{"rendered":"Dictan prisi\u00f3n preventiva en contra de otro imputado en intento de asalto a Fenatrano"},"content":{"rendered":"<div class=\"detalle-texto\">\n<div class=\"text\">\n<p>SANTO DOMINGO. A solicitud de la Fiscal\u00eda del Distrito Nacional, el juez Jos\u00e9 Alejandro Vargas impuso tres meses de prisi\u00f3n preventiva, como medida de coerci\u00f3n, en contra de Geraldo Joaqu\u00edn Tejada Perdomo, uno de los integrantes de la banda que intent\u00f3 cometer robo agravado en perjuicio de una de las oficinas de la Federaci\u00f3n Nacional de Transporte Nueva Opci\u00f3n (Fenatrano).<\/p>\n<p>En el hecho, que ocurri\u00f3 el pasado 27 de marzo, en el sector Los Girasoles, se produjo un intercambio de disparo, donde resultaron heridos dos agentes de la Polic\u00eda y muertos los integrantes de la banda Jorge Luis Mena (a) El Cuervo, Alejandro Rodr\u00edguez (a) Suzuki y Leopoldo Jos\u00e9 G\u00f3mez.<\/p>\n<p>De conformidad con la instancia, desde febrero del presente a\u00f1o, mediante intercepci\u00f3n telef\u00f3nica, se pudo determinar un complot que ten\u00eda como objeto la sustracci\u00f3n de una indeterminada cantidad de dinero al referido sindicato de transporte.<\/p>\n<p>\u201cLos imputados Darlyn Pe\u00f1a Valdez, Geraldo Joaqu\u00edn Tejada Perdomo, Nefi Belangel Tamares, Anthony Rijo P\u00e9rez, Edward Rafael Camilo Mu\u00f1oz, Robison Rafael Vega Caba, todos prevenidos de libertad al impon\u00e9rseles prisi\u00f3n preventiva, y los fallecidos Jorge Luis Mena, Leopoldo Jos\u00e9 G\u00f3mez y Alejandro Rodr\u00edguez, conjuntamente con Jordan (pr\u00f3fugo), se asociaron para sustraer la caja fuerte de dicho sindicato\u201d se\u00f1al\u00f3 la Fiscal\u00eda en audiencia.<\/p>\n<p>Sin embargo, a los fines de impedir el atraco, el Departamento de Operaciones de Robo de la Polic\u00eda Nacional, mont\u00f3 un operativo, logrando frustrar las intenciones del grupo.<\/p>\n<p>En las pr\u00f3ximas horas, la Oficina de Atenci\u00f3n Permanente le conocer\u00e1 medida coercitiva al nombrado Rafael Patricio (a) El Waschiman, quien era empleado de Fenatrano, y seg\u00fan explica el expediente, fue la persona que alert\u00f3 al grupo, sobre la hora que deb\u00edan entrar, la ubicaci\u00f3n de la caja fuerte y la cantidad de personas que se encontraban en el lugar.<\/p>\n<p>El juez Vargas, de la Oficina de Atenci\u00f3n Permanente, acogi\u00f3 el pedimento de la Fiscal\u00eda, representada en audiencia por las procuradoras fiscales Santa Reyes y Roxanna Campusano.<\/p>\n<p>El Ministerio P\u00fablico ha otorgado al presente caso la calificaci\u00f3n jur\u00eddica de violaci\u00f3n a los art\u00edculos 265, 266, 379, 309 del C\u00f3digo Penal Dominicano y los art\u00edculos 2, 3 y 39 del p\u00e1rrafo III de la Ley 36 sobre Porte y Tenencia de Armas.<\/p>\n<p>Geraldo Joaqu\u00edn Tejada Perdomo deber\u00e1 cumplir la medida impuesta en la Penitenciar\u00eda Nacional de la Victoria.<\/p>\n<\/div>\n<\/div>\n","protected":false},"excerpt":{"rendered":"<p>SANTO DOMINGO. A solicitud de la Fiscal\u00eda del Distrito Nacional, el juez Jos\u00e9 Alejandro Vargas impuso tres meses de prisi\u00f3n preventiva, como medida de coerci\u00f3n, en contra de Geraldo Joaqu\u00edn Tejada Perdomo, uno de los integrantes de la banda que intent\u00f3 cometer robo agravado en perjuicio de una de las oficinas de la Federaci\u00f3n Nacional [&hellip;]<\/p>\n","protected":false},"author":13240,"featured_media":47994,"comment_status":"open","ping_status":"open","sticky":false,"template":"","format":"standard","meta":{"footnotes":""},"categories":[44],"tags":[],"class_list":["post-47993","post","type-post","status-publish","format-standard","has-post-thumbnail","hentry","category-republica-dominicana"],"_links":{"self":[{"href":"https:\/\/2horizontes.com\/index.php?rest_route=\/wp\/v2\/posts\/47993","targetHints":{"allow":["GET"]}}],"collection":[{"href":"https:\/\/2horizontes.com\/index.php?rest_route=\/wp\/v2\/posts"}],"about":[{"href":"https:\/\/2horizontes.com\/index.php?rest_route=\/wp\/v2\/types\/post"}],"author":[{"embeddable":true,"href":"https:\/\/2horizontes.com\/index.php?rest_route=\/wp\/v2\/users\/13240"}],"replies":[{"embeddable":true,"href":"https:\/\/2horizontes.com\/index.php?rest_route=%2Fwp%2Fv2%2Fcomments&post=47993"}],"version-history":[{"count":1,"href":"https:\/\/2horizontes.com\/index.php?rest_route=\/wp\/v2\/posts\/47993\/revisions"}],"predecessor-version":[{"id":47995,"href":"https:\/\/2horizontes.com\/index.php?rest_route=\/wp\/v2\/posts\/47993\/revisions\/47995"}],"wp:featuredmedia":[{"embeddable":true,"href":"https:\/\/2horizontes.com\/index.php?rest_route=\/wp\/v2\/media\/47994"}],"wp:attachment":[{"href":"https:\/\/2horizontes.com\/index.php?rest_route=%2Fwp%2Fv2%2Fmedia&parent=47993"}],"wp:term":[{"taxonomy":"category","embeddable":true,"href":"https:\/\/2horizontes.com\/index.php?rest_route=%2Fwp%2Fv2%2Fcategories&post=47993"},{"taxonomy":"post_tag","embeddable":true,"href":"https:\/\/2horizontes.com\/index.php?rest_route=%2Fwp%2Fv2%2Ftags&post=47993"}],"curies":[{"name":"wp","href":"https:\/\/api.w.org\/{rel}","templated":true}]}}