{"id":47966,"date":"2016-04-19T17:40:12","date_gmt":"2016-04-19T16:40:12","guid":{"rendered":"http:\/\/2horizontes.com\/?p=47966"},"modified":"2016-04-19T17:40:12","modified_gmt":"2016-04-19T16:40:12","slug":"la-angustia-de-las-ciudades-y-pueblos-de-los-que-pocos-hablan-tras-el-terremoto-en-ecuador","status":"publish","type":"post","link":"https:\/\/2horizontes.com\/?p=47966","title":{"rendered":"La angustia de las ciudades y pueblos de los que pocos hablan tras el terremoto en Ecuador"},"content":{"rendered":"<div class=\"story-body__mini-info-list-and-share\">\n<p>&nbsp;<br \/>\n<span class=\"off-screen\">Image caption<\/span><span class=\"media-caption__text\">En Bah\u00eda de Caraquez se sienten ignorados por los medios.<\/span><\/div>\n<div class=\"story-body__inner\">\n<p class=\"story-body__introduction\">\u00abMe da pena decir que las emisoras hablan de Manta, de Portoviejo, de Esmeraldas, pero de Bah\u00eda de Caraquez no, no figuramos en el mapa, y yo no s\u00e9 si el 80, el 90% de Bah\u00eda est\u00e1 destruido\u00bb.<\/p>\n<p>Cristina Ulloa suelta sus palabras una tras otra como si se le derrumbaran, mientras observa a la distancia el barrio Marianita de Jes\u00fas, el lugar donde viv\u00eda en Bah\u00eda de Caraquez antes de que el terremoto del pasado s\u00e1bado la obligara a huir lejos del mar por temor a un tsunami.<\/p>\n<ul class=\"story-body__unordered-list\">\n<li class=\"story-body__list-item\">Terremoto de magnitud 7,8 deja 413 muertos en Ecuador<\/li>\n<li class=\"story-body__list-item\">En fotos: la devastaci\u00f3n dejada por el terremoto en Ecuador<\/li>\n<\/ul>\n<p>Como ella, muchos de <strong>sus vecinos sienten que la ayuda no llega lo suficientemente r\u00e1pido y al dolor de la tragedia se suma la angustia de sentirse ignorados.<\/strong><\/p>\n<p>Aunque ya se ven bomberos, militares y rescatistas en las calles de esta ciudad costera, la falta de servicios p\u00fablicos b\u00e1sicos como agua potable y electricidad no contribuye a un estado de \u00e1nimo colectivo que se desplom\u00f3 como las casas de Marianita de Jes\u00fas.<\/p>\n<figure class=\"media-landscape has-caption full-width\"><span class=\"image-and-copyright-container\"><span class=\"story-image-copyright\"><a href=\"http:\/\/2horizontes.com\/wp-content\/uploads\/2016\/04\/gt.jpg\" rel=\"attachment wp-att-47967\"><img loading=\"lazy\" decoding=\"async\" class=\"alignleft size-full wp-image-47967\" src=\"http:\/\/2horizontes.com\/wp-content\/uploads\/2016\/04\/gt.jpg\" alt=\"gt\" width=\"660\" height=\"438\" srcset=\"https:\/\/2horizontes.com\/wp-content\/uploads\/2016\/04\/gt.jpg 660w, https:\/\/2horizontes.com\/wp-content\/uploads\/2016\/04\/gt-300x199.jpg 300w, https:\/\/2horizontes.com\/wp-content\/uploads\/2016\/04\/gt-510x338.jpg 510w\" sizes=\"auto, (max-width: 660px) 100vw, 660px\" \/><\/a>\u00a0BBC Mundo<\/span><\/span><figcaption class=\"media-caption\"><span class=\"off-screen\">Image caption<\/span><span class=\"media-caption__text\">Para enterrar a los centenares de muertos hubo que traer ata\u00fades de fuera de los pueblos de la costa.<\/span><\/figcaption><\/figure>\n<figure class=\"media-landscape has-caption full-width\"><span class=\"image-and-copyright-container\"><img loading=\"lazy\" decoding=\"async\" class=\"responsive-image__img js-image-replace alignleft\" src=\"http:\/\/ichef.bbci.co.uk\/news\/ws\/624\/amz\/worldservice\/live\/assets\/images\/2016\/04\/19\/160419043246_terremoto_ecuador_pueblos_desconocidos_624x351_matiaszibellbbcmundo_nocredit.jpg\" alt=\"\" width=\"624\" height=\"351\" data-highest-encountered-width=\"624\" \/><span class=\"off-screen\">Image copyright<\/span><span class=\"story-image-copyright\">Matias Zibell BBC Mundo<\/span><\/span><figcaption class=\"media-caption\"><span class=\"off-screen\">Image caption<\/span><span class=\"media-caption__text\">En el lugar describen la situaci\u00f3n como ca\u00f3tica.<\/span><\/figcaption><\/figure>\n<p>\u00abLa situaci\u00f3n en el cant\u00f3n es ca\u00f3tica. En relaci\u00f3n al \u00faltimo terremoto de 1998 es cuatro veces peor. No tenemos agua. La tuber\u00eda de conducci\u00f3n que suministra a cinco cantones ha quedado completamente desbaratada\u00bb, dice a BBC Mundo July Hidalgo, concejal del cant\u00f3n Sucre, que cobija a Bah\u00eda de Caraquez.<\/p>\n<p>Como Cristina, July siente que su cant\u00f3n ha sido ignorado frente al protagonismo de otras zonas afectadas como Pedernales al norte o las grandes ciudades al sur.<\/p>\n<p>\u00abLa gente teme entrar a sus viviendas. Est\u00e1 durmiendo a la intemperie.<strong>Necesitamos toldos, carpas. Pero la ayuda se est\u00e1 yendo a otros cantones.<\/strong>Todo se desv\u00eda a las ciudades m\u00e1s grandes: Manta, Portoviejo. Bah\u00eda de Caraquez, San Vicente, Canoa, San Isidro se est\u00e1n quedando sin raciones alimenticias. La gente se empieza a desesperar\u00bb.<\/p>\n<ul class=\"story-body__unordered-list\">\n<li class=\"story-body__list-item\">El drama de Pedernales, el pueblo m\u00e1s golpeado por el terremoto<\/li>\n<li class=\"story-body__list-item\">C\u00f3mo qued\u00f3 Manta, el principal puerto de Ecuador<\/li>\n<\/ul>\n<h2 class=\"story-body__crosshead\">\u00abMi vida est\u00e1 aqu\u00ed\u00bb<\/h2>\n<p>Entre los que se desesperan tambi\u00e9n est\u00e1n los cerca de 200 extranjeros que viven en esta ciudad.<\/p>\n<p>Hugo Jim\u00e9nez es un cocinero peruano que vino hace cinco a\u00f1os a probar suerte y ahora s\u00f3lo piensa en irse. Mientras camina por la avenida costanera reconoci\u00e9ndose en los que a\u00fan siguen vivos recuerda los instantes posteriores al sismo:<\/p>\n<p>\u00abLa gente caminaba sin rumbo, no te miraba, buscaba un lugar donde estar seguros. En el momento del desastre no hubo rescate, la gente pele\u00f3 a capa y espada para salvarse entre ellos\u00bb.<\/p>\n<figure class=\"media-landscape has-caption full-width\"><span class=\"image-and-copyright-container\"><img loading=\"lazy\" decoding=\"async\" class=\"responsive-image__img js-image-replace alignleft\" src=\"http:\/\/ichef.bbci.co.uk\/news\/ws\/624\/amz\/worldservice\/live\/assets\/images\/2016\/04\/19\/160419043601_terremoto_ecuador_pueblos_desconocidos_624x415_matiaszibellbbcmundo_nocredit.jpg\" alt=\"\" width=\"624\" height=\"415\" data-highest-encountered-width=\"624\" \/><span class=\"off-screen\">Image copyright<\/span><span class=\"story-image-copyright\">Matias Zibell BBC Mundo<\/span><\/span><figcaption class=\"media-caption\"><span class=\"off-screen\">Image caption<\/span><span class=\"media-caption__text\">Tras el terremoto, el peruano Hugo Jim\u00e9nez s\u00f3lo piensa en irse.<\/span><\/figcaption><\/figure>\n<figure class=\"media-landscape has-caption full-width\"><span class=\"image-and-copyright-container\"><img loading=\"lazy\" decoding=\"async\" class=\"responsive-image__img js-image-replace\" src=\"http:\/\/ichef.bbci.co.uk\/news\/ws\/624\/amz\/worldservice\/live\/assets\/images\/2016\/04\/19\/160419043932_terremoto_ecuador_pueblos_desconocidos_624x415_matiaszibellbbcmundo_nocredit.jpg\" alt=\"\" width=\"624\" height=\"415\" data-highest-encountered-width=\"624\" \/><span class=\"off-screen\">Image copyright<\/span><span class=\"story-image-copyright\">Matias Zibell BBC Mundo<\/span><\/span><figcaption class=\"media-caption\"><span class=\"off-screen\">Image caption<\/span><span class=\"media-caption__text\">Frank Martin dice que ahora vive con la ropa que lleva puesta.<\/span><\/figcaption><\/figure>\n<p>Golpeado primero por la crisis econ\u00f3mica que vive el pa\u00eds, Hugo cree que el desastre natural significa para \u00e9l un inapelable noc\u00e1ut. As\u00ed se lo comunica a su amigo Frank Martin, un estadounidense que lleva 12 a\u00f1os en Bah\u00eda de Caraquez.<\/p>\n<p>\u00abLlegu\u00e9 en 2004 con mi novia -hoy mi esposa- en un velero y nos fascin\u00f3 Bah\u00eda. Nos quedamos y en estos 12 a\u00f1os invertimos en varias cosas\u00bb, le cuenta a BBC Mundo este hombre originario de Alabama.<\/p>\n<figure class=\"media-landscape has-caption full-width\"><span class=\"image-and-copyright-container\"><img loading=\"lazy\" decoding=\"async\" class=\"responsive-image__img js-image-replace\" src=\"http:\/\/ichef.bbci.co.uk\/news\/ws\/624\/amz\/worldservice\/live\/assets\/images\/2016\/04\/19\/160419044049_terremoto_ecuador_pueblos_desconocidos_624x415_matiaszibellbbcmundo_nocredit.jpg\" alt=\"\" width=\"624\" height=\"415\" data-highest-encountered-width=\"624\" \/><span class=\"off-screen\">Image copyright<\/span><span class=\"story-image-copyright\">Matias Zibell BBC Mundo<\/span><\/span><figcaption class=\"media-caption\"><span class=\"off-screen\">Image caption<\/span><span class=\"media-caption__text\">En Bah\u00eda de Caraquez la situaci\u00f3n es ca\u00f3tica.<\/span><\/figcaption><\/figure>\n<p>Una de esas cosas en las que invirti\u00f3 fue un edificio donde estaba la oficina de Frank y dos departamentos alquilados. El terremoto lo derrumb\u00f3 matando a una pareja de canadienses que tambi\u00e9n hab\u00eda decidido vivir en la ciudad ecuatoriana. Frank no sabe si podr\u00e1 recuperarse.<\/p>\n<p>\u00abEs demasiado pronto para preguntarme si voy a seguir en Bah\u00eda. <strong>Mi vida est\u00e1 aqu\u00ed. Mi hija Francesca naci\u00f3 aqu\u00ed. S\u00f3lo s\u00e9 que el viernes ten\u00eda una vida por delante y hoy vivo con la ropa que tengo puesta<\/strong>\u00ab.<\/p>\n<p>Pero si la situaci\u00f3n de una ciudad como Bah\u00eda de Caraquez es ca\u00f3tica, la realidad de otras poblaciones m\u00e1s peque\u00f1as de la costa ecuatoriana como Canoa roza lo grotesco.<\/p>\n<h2 class=\"story-body__crosshead\">Desconocidos<\/h2>\n<p>En el parque de una de las ciudades tur\u00edsticas m\u00e1s importantes del Ecuador, famosa por sus olas para surfear y sus noches de fiesta, dos cad\u00e1veres reciben el sol cenital sobre sus rostros.<\/p>\n<p>Son desconocidos, personas que nadie ha reclamado a\u00fan, rodeados por efectivos de la fiscal\u00eda del Ecuador que toman registro de sus huellas dactilares y los fotograf\u00edan para que alguien pueda identificarlos en el futuro.<\/p>\n<figure class=\"media-landscape has-caption full-width\"><span class=\"image-and-copyright-container\"><img loading=\"lazy\" decoding=\"async\" class=\"responsive-image__img js-image-replace\" src=\"http:\/\/ichef.bbci.co.uk\/news\/ws\/624\/amz\/worldservice\/live\/assets\/images\/2016\/04\/19\/160419044218_terremoto_ecuador_pueblos_desconocidos_624x415_matiaszibellbbcmundo_nocredit.jpg\" alt=\"\" width=\"624\" height=\"415\" data-highest-encountered-width=\"624\" \/><span class=\"off-screen\">Image copyright<\/span><span class=\"story-image-copyright\">Matias Zibell BBC Mundo<\/span><\/span><figcaption class=\"media-caption\"><span class=\"off-screen\">Image caption<\/span><span class=\"media-caption__text\">Los cad\u00e1veres sin identificar ser\u00e1n enterrados en fosas comunes.<\/span><\/figcaption><\/figure>\n<p>\u00abEn caso de que alguien los reconozca se exhumar\u00e1n los cad\u00e1veres, pero <strong>ahora a los NN los vamos a enterrar en una fosa com\u00fan si nadie los reconoce antes.<\/strong>Esto es largo. Hay muchos extranjeros aqu\u00ed. Eso va a aumentar el n\u00famero de NN\u00bb, dice Di\u00f3medes Sol\u00edz, miembro de la fiscal\u00eda, quien reconoce que la pesadilla reci\u00e9n empieza.<\/p>\n<p>\u00ab<strong>Hemos rescatado 23 cad\u00e1veres. Pero creemos que es el 20% de los cuerpos que vamos a encontrar<\/strong>\u00ab.<\/p>\n<p>A pocos metros de los dos muertos, como escuchando las premonitorias palabras de Sol\u00edz, un grupo de voluntarios descarga ata\u00fades nuevos reci\u00e9n llegados a la ciudad.<\/p>\n<p>Algunos de los cofres ya han encontrado su camino al cementerio, donde las familias han comenzado a enterrar sus muertos a tal velocidad que <strong>mientras unos lloran otros levantan tumbas a un costado, ladrillo a ladrillo, sin tiempo para que el cemento se seque.<\/strong><\/p>\n<figure class=\"media-landscape has-caption full-width\"><span class=\"image-and-copyright-container\"><img loading=\"lazy\" decoding=\"async\" class=\"responsive-image__img js-image-replace alignleft\" src=\"http:\/\/ichef.bbci.co.uk\/news\/ws\/624\/amz\/worldservice\/live\/assets\/images\/2016\/04\/19\/160419044544_terremoto_ecuador_pueblos_desconocidos_624x460_matiaszibell_nocredit.jpg\" alt=\"\" width=\"624\" height=\"460\" data-highest-encountered-width=\"624\" \/><span class=\"off-screen\">Image copyright<\/span><span class=\"story-image-copyright\">Matias Zibell<\/span><\/span><figcaption class=\"media-caption\"><span class=\"off-screen\">Image caption<\/span><span class=\"media-caption__text\">En la zona se preparan para enterrar a las v\u00edctimas.<\/span><\/figcaption><\/figure>\n<h2 class=\"story-body__crosshead\">Epitafios<\/h2>\n<p>Entre el parque y el cementerio est\u00e1 una iglesia construida por la arquidi\u00f3cesis del cant\u00f3n Sucre, a la que acudi\u00f3 Amarili Murillo cuando la tierra dej\u00f3 de moverse y el mar amenaz\u00f3 con terminar la faena que hab\u00eda iniciado el terremoto.<\/p>\n<p>\u00abSalimos a la carrera porque dijeron que iba a haber un tsunami y nos vinimos para la iglesia pero mire c\u00f3mo la encontramos. Hecha pedazos. La hicieron cuando fue el otro terremoto del 98\u00bb.<\/p>\n<figure class=\"media-landscape has-caption full-width\"><span class=\"image-and-copyright-container\"><img loading=\"lazy\" decoding=\"async\" class=\"responsive-image__img js-image-replace alignleft\" src=\"http:\/\/ichef-1.bbci.co.uk\/news\/ws\/624\/amz\/worldservice\/live\/assets\/images\/2016\/04\/19\/160419045323_sp_terremoto_ecuador_624x415_matiaszibellbbcmundo_nocredit.jpg\" alt=\"\" width=\"624\" height=\"415\" data-highest-encountered-width=\"624\" \/><span class=\"off-screen\">Image copyright<\/span><span class=\"story-image-copyright\">Matias Zibell BBC Mundo<\/span><\/span><figcaption class=\"media-caption\"><span class=\"off-screen\">Image caption<\/span><span class=\"media-caption__text\">Los fieles que acudieron a buscar refugio a la iglesia se la encontraron destrozada.<\/span><\/figcaption><\/figure>\n<p>Entre los santos que han quedado de pie y el Jes\u00fas que sigue clavado en su cruz, un cartel atraviesa la destruida fachada proclamando la resurrecci\u00f3n. Pero ni la fe consuela a Amarili.<\/p>\n<p>\u00abAqu\u00ed nosotros, <strong>desde el s\u00e1bado a la noche, no hemos comido nada.<\/strong> Ahorita un vaso de leche que nos regalaron. Toda mi familia est\u00e1 en Guayaquil pero no puedo hablar con ellos porque mi tel\u00e9fono est\u00e1 descargado\u00bb.<\/p>\n<p>Los que tambi\u00e9n tienen familia pero aun m\u00e1s lejos que Amarili son los turistas que pasaban sus vacaciones en Caona cuando se produjo el sismo. Tras la interrupci\u00f3n del servicio de autobuses y con lo poco que rescataron de hoteles y hostales derrumbados, viven de la caridad de sus vecinos ecuatorianos que han perdido incluso m\u00e1s que ellos.<\/p>\n<figure class=\"media-landscape has-caption full-width\"><span class=\"image-and-copyright-container\"><img loading=\"lazy\" decoding=\"async\" class=\"responsive-image__img js-image-replace alignleft\" src=\"http:\/\/ichef-1.bbci.co.uk\/news\/ws\/624\/amz\/worldservice\/live\/assets\/images\/2016\/04\/19\/160419044357_terremoto_ecuador_pueblos_desconocidos_624x460_matiaszibellbbcmundo_nocredit.jpg\" alt=\"\" width=\"624\" height=\"460\" data-highest-encountered-width=\"624\" \/><span class=\"off-screen\">Image copyright<\/span><span class=\"story-image-copyright\">Matias Zibell BBC Mundo<\/span><\/span><figcaption class=\"media-caption\"><span class=\"off-screen\">Image caption<\/span><span class=\"media-caption__text\">El panorama en Canoa es de zona de guerra.<\/span><\/figcaption><\/figure>\n<p>Una alemana y una austr\u00edaca comentan que el domingo Canoa parec\u00eda un pueblo fantasma. Nadie apareci\u00f3 tras el terremoto excepto un helic\u00f3ptero que sobrevolaba el cielo mientras la gente se marchaba a tierras m\u00e1s altas.<\/p>\n<p>Hoy Canoa ya no parec\u00eda un pueblo fantasma sino una zona de guerra, surcada por rescatistas, polic\u00edas, bomberos, m\u00e9dicos y veterinarios. Pero los fantasmas del terremoto tardar\u00e1n mucho tiempo en partir de esta ciudad costera.<\/p>\n<p>En una de sus esquinas, un cartel levantado por el gobierno de Manab\u00ed advierte: \u00abLa tierra no nos pertenece. Pertenecemos a la tierra\u00bb. El mensaje a favor del cuidado de la naturaleza parece luego del s\u00e1bado una advertencia\u2026 y al mismo tiempo un epitafio.<\/p>\n<\/div>\n","protected":false},"excerpt":{"rendered":"<p>&nbsp; Image captionEn Bah\u00eda de Caraquez se sienten ignorados por los medios. \u00abMe da pena decir que las emisoras hablan de Manta, de Portoviejo, de Esmeraldas, pero de Bah\u00eda de Caraquez no, no figuramos en el mapa, y yo no s\u00e9 si el 80, el 90% de Bah\u00eda est\u00e1 destruido\u00bb. Cristina Ulloa suelta sus palabras [&hellip;]<\/p>\n","protected":false},"author":1,"featured_media":47968,"comment_status":"open","ping_status":"open","sticky":false,"template":"","format":"standard","meta":{"footnotes":""},"categories":[40,84],"tags":[],"class_list":["post-47966","post","type-post","status-publish","format-standard","has-post-thumbnail","hentry","category-internacionales","category-otras-noticias"],"_links":{"self":[{"href":"https:\/\/2horizontes.com\/index.php?rest_route=\/wp\/v2\/posts\/47966","targetHints":{"allow":["GET"]}}],"collection":[{"href":"https:\/\/2horizontes.com\/index.php?rest_route=\/wp\/v2\/posts"}],"about":[{"href":"https:\/\/2horizontes.com\/index.php?rest_route=\/wp\/v2\/types\/post"}],"author":[{"embeddable":true,"href":"https:\/\/2horizontes.com\/index.php?rest_route=\/wp\/v2\/users\/1"}],"replies":[{"embeddable":true,"href":"https:\/\/2horizontes.com\/index.php?rest_route=%2Fwp%2Fv2%2Fcomments&post=47966"}],"version-history":[{"count":1,"href":"https:\/\/2horizontes.com\/index.php?rest_route=\/wp\/v2\/posts\/47966\/revisions"}],"predecessor-version":[{"id":47969,"href":"https:\/\/2horizontes.com\/index.php?rest_route=\/wp\/v2\/posts\/47966\/revisions\/47969"}],"wp:featuredmedia":[{"embeddable":true,"href":"https:\/\/2horizontes.com\/index.php?rest_route=\/wp\/v2\/media\/47968"}],"wp:attachment":[{"href":"https:\/\/2horizontes.com\/index.php?rest_route=%2Fwp%2Fv2%2Fmedia&parent=47966"}],"wp:term":[{"taxonomy":"category","embeddable":true,"href":"https:\/\/2horizontes.com\/index.php?rest_route=%2Fwp%2Fv2%2Fcategories&post=47966"},{"taxonomy":"post_tag","embeddable":true,"href":"https:\/\/2horizontes.com\/index.php?rest_route=%2Fwp%2Fv2%2Ftags&post=47966"}],"curies":[{"name":"wp","href":"https:\/\/api.w.org\/{rel}","templated":true}]}}