{"id":47898,"date":"2016-04-19T08:38:19","date_gmt":"2016-04-19T07:38:19","guid":{"rendered":"http:\/\/2horizontes.com\/?p=47898"},"modified":"2016-04-19T08:38:19","modified_gmt":"2016-04-19T07:38:19","slug":"la-hacienda-catalana-contratara-a-40-gestores-tributarios-y-abrira-11-oficinas","status":"publish","type":"post","link":"https:\/\/2horizontes.com\/?p=47898","title":{"rendered":"La Hacienda catalana contratar\u00e1 a 40 gestores tributarios y abrir\u00e1 11 oficinas"},"content":{"rendered":"<p>La Conselleria d\u2019 Economia que encabeza Oriol Junqueras se est\u00e1 poniendo las pilas. Hace unas semanas present\u00f3 un acuerdo de colaboraci\u00f3n con las cuatro diputaciones que permit\u00eda ampliar la ventanilla \u00fanica a m\u00e1s de 140 oficinas.<\/p>\n<p>Ayer, durante la visita de la nueva sede central de la Agencia Tributaria de Catalunya (ATC) en la Zona Franca de Barcelona \u2013que seg\u00fan detall\u00f3 el Govern permitir\u00e1 un ahorro con respecto al alquiler de la sede actual\u2013, Junqueras anunci\u00f3 que la Hacienda catalana contratar\u00e1 a 40 gestores tributarios y sumar\u00e1 a las cuatro oficinas que ya tiene once m\u00e1s por todo el territorio.<\/p>\n<p>As\u00ed, el Govern ha convocado un concurso p\u00fablico para cubrir estas 40 plazas, de las cuales 20 est\u00e1n reservadas a promoci\u00f3n interna de la misma ATC, y las otras 20 restantes son de libre acceso.<\/p>\n<p>Con todo, cabe recordar que actualmente hay abiertos dos procesos m\u00e1s para reforzar al personal de la Ag\u00e8ncia: uno para incorporar 20 inspectores fiscales y otro para contratar a 29 personas como laborables en r\u00e9gimen de interinaje. Adem\u00e1s, hay que tener en cuenta que la Generalitat pretende cubrir 300 plazas de registradores de la propiedad.<\/p>\n<p>Con todas estas incorporaciones, m\u00e1s otras no anunciadas a\u00fan, el Govern aspira a disponer de 850 trabajadores para finales del primer semestre del 2017, de los cuales 550 ya tendr\u00edan que estar incorporados a finales del 2016.<\/p>\n<p>Seg\u00fan reconoci\u00f3 el vicepresidente, con estas nuevas oficinas y el nuevo personal, el Govern quiere \u201cpreparar la ATC para hacer todas las funciones (tributarias) y para los retos del futuro\u201d. De aqu\u00ed se desprende que la Conselleria d\u2019 Economia est\u00e1 marcando las bases de una futura hacienda propia en caso de independencia.<\/p>\n<p>En este sentido, ayer se constituy\u00f3 en el Parlament la ponencia redactora de la proposici\u00f3n de ley de la administraci\u00f3n tributaria catalana, con los diputados Roger Torrent y Maria Senserrich por parte de Junts pel S\u00ed, y Eul\u00e0lia Reguant i Anna Gabriel por parte de la CUP.<\/p>\n","protected":false},"excerpt":{"rendered":"<p>La Conselleria d\u2019 Economia que encabeza Oriol Junqueras se est\u00e1 poniendo las pilas. Hace unas semanas present\u00f3 un acuerdo de colaboraci\u00f3n con las cuatro diputaciones que permit\u00eda ampliar la ventanilla \u00fanica a m\u00e1s de 140 oficinas. Ayer, durante la visita de la nueva sede central de la Agencia Tributaria de Catalunya (ATC) en la Zona [&hellip;]<\/p>\n","protected":false},"author":3,"featured_media":47899,"comment_status":"open","ping_status":"open","sticky":false,"template":"","format":"standard","meta":{"footnotes":""},"categories":[85],"tags":[],"class_list":["post-47898","post","type-post","status-publish","format-standard","has-post-thumbnail","hentry","category-espana"],"_links":{"self":[{"href":"https:\/\/2horizontes.com\/index.php?rest_route=\/wp\/v2\/posts\/47898","targetHints":{"allow":["GET"]}}],"collection":[{"href":"https:\/\/2horizontes.com\/index.php?rest_route=\/wp\/v2\/posts"}],"about":[{"href":"https:\/\/2horizontes.com\/index.php?rest_route=\/wp\/v2\/types\/post"}],"author":[{"embeddable":true,"href":"https:\/\/2horizontes.com\/index.php?rest_route=\/wp\/v2\/users\/3"}],"replies":[{"embeddable":true,"href":"https:\/\/2horizontes.com\/index.php?rest_route=%2Fwp%2Fv2%2Fcomments&post=47898"}],"version-history":[{"count":1,"href":"https:\/\/2horizontes.com\/index.php?rest_route=\/wp\/v2\/posts\/47898\/revisions"}],"predecessor-version":[{"id":47900,"href":"https:\/\/2horizontes.com\/index.php?rest_route=\/wp\/v2\/posts\/47898\/revisions\/47900"}],"wp:featuredmedia":[{"embeddable":true,"href":"https:\/\/2horizontes.com\/index.php?rest_route=\/wp\/v2\/media\/47899"}],"wp:attachment":[{"href":"https:\/\/2horizontes.com\/index.php?rest_route=%2Fwp%2Fv2%2Fmedia&parent=47898"}],"wp:term":[{"taxonomy":"category","embeddable":true,"href":"https:\/\/2horizontes.com\/index.php?rest_route=%2Fwp%2Fv2%2Fcategories&post=47898"},{"taxonomy":"post_tag","embeddable":true,"href":"https:\/\/2horizontes.com\/index.php?rest_route=%2Fwp%2Fv2%2Ftags&post=47898"}],"curies":[{"name":"wp","href":"https:\/\/api.w.org\/{rel}","templated":true}]}}