{"id":47851,"date":"2016-04-18T23:24:49","date_gmt":"2016-04-18T22:24:49","guid":{"rendered":"http:\/\/2horizontes.com\/?p=47851"},"modified":"2016-04-18T23:24:49","modified_gmt":"2016-04-18T22:24:49","slug":"la-mejor-opcion-para-dilma-rousseff-seria-renunciar-a-su-cargo","status":"publish","type":"post","link":"https:\/\/2horizontes.com\/?p=47851","title":{"rendered":"\u201cLa mejor opci\u00f3n para Dilma Rousseff ser\u00eda renunciar a su cargo\u201d"},"content":{"rendered":"<div class=\"mce-body mce\">\n<p>Un d\u00eda despu\u00e9s de que la C\u00e1mara de Diputados de Brasil aprobara por mayor\u00eda evidente la continuaci\u00f3n de un juicio pol\u00edtico contra la presidenta Dilma Rousseff, la mandataria dio una rueda de prensa para aclarar algunos puntos.<\/p>\n<p>\u201cEste proceso en mi contra no tiene una base legal. Esto es un golpe de estado porque busca atentar contra alguien que es inocente. Siento la injusticia\u201d, fueron algunas de las declaraciones de la presidenta brasile\u00f1a que dio en una rueda de prensa.<\/p>\n<p>A pesar de las acusaciones, Rousseff fue enf\u00e1tica: \u201cEste no es el fin, es el comienzo para enfrentar este juicio injusto\u201d.<\/p>\n<p>Sin embargo, para la internacionalista Giovanna de Michele la presidenta de Brasil tom\u00f3 la decisi\u00f3n equivocada.<\/p>\n<p>\u201cConsidero que la mejor opci\u00f3n para Dilma Rousseff ser\u00eda renunciar al cargo y que el Senado contin\u00fae las investigaciones. As\u00ed lograr\u00eda preservar el capital pol\u00edtico del gobierno de este pa\u00eds\u201d, declar\u00f3 De Michele en una entrevista a <strong>El Nacional Web<\/strong>.<\/p>\n<p>La internacionalista asegur\u00f3 que a pesar de que la propuesta pasar\u00e1 por la C\u00e1mara del Senado de ese pa\u00eds para tomar la decisi\u00f3n final, es evidente que el juicio en su contra es de car\u00e1cter \u201cirreversible\u201d.<\/p>\n<p>\u201cEs una decisi\u00f3n dif\u00edcil, y no tanto por dejar el poder, porque en la \u2018l\u00ednea de mando\u2019 del gobierno de Brasil le tocar\u00eda al vicepresidente, quien tambi\u00e9n es investigado por corrupci\u00f3n\u201d, declar\u00f3.<\/p>\n<p>Seg\u00fan el orden constitucional de mando en el pa\u00eds suramericado, en caso de que el presidente o vicepresidente brasile\u00f1o no puedan asumir el poder el titular de la C\u00e1mara de Diputados estar\u00eda por encima del presidente de la C\u00e1mara del Senado y del Tribunal Supremo.<\/p>\n<p>Rousseff est\u00e1 a la espera de que se cree una comisi\u00f3n que se encargar\u00e1 de estudiar si es necesario suspender por 180 d\u00edas su mandato hasta mientras se realice el juicio pol\u00edtico.<\/p>\n<\/div>\n","protected":false},"excerpt":{"rendered":"<p>Un d\u00eda despu\u00e9s de que la C\u00e1mara de Diputados de Brasil aprobara por mayor\u00eda evidente la continuaci\u00f3n de un juicio pol\u00edtico contra la presidenta Dilma Rousseff, la mandataria dio una rueda de prensa para aclarar algunos puntos. \u201cEste proceso en mi contra no tiene una base legal. Esto es un golpe de estado porque busca [&hellip;]<\/p>\n","protected":false},"author":13240,"featured_media":31901,"comment_status":"open","ping_status":"open","sticky":false,"template":"","format":"standard","meta":{"footnotes":""},"categories":[40,43],"tags":[],"class_list":["post-47851","post","type-post","status-publish","format-standard","has-post-thumbnail","hentry","category-internacionales","category-politica"],"_links":{"self":[{"href":"https:\/\/2horizontes.com\/index.php?rest_route=\/wp\/v2\/posts\/47851","targetHints":{"allow":["GET"]}}],"collection":[{"href":"https:\/\/2horizontes.com\/index.php?rest_route=\/wp\/v2\/posts"}],"about":[{"href":"https:\/\/2horizontes.com\/index.php?rest_route=\/wp\/v2\/types\/post"}],"author":[{"embeddable":true,"href":"https:\/\/2horizontes.com\/index.php?rest_route=\/wp\/v2\/users\/13240"}],"replies":[{"embeddable":true,"href":"https:\/\/2horizontes.com\/index.php?rest_route=%2Fwp%2Fv2%2Fcomments&post=47851"}],"version-history":[{"count":1,"href":"https:\/\/2horizontes.com\/index.php?rest_route=\/wp\/v2\/posts\/47851\/revisions"}],"predecessor-version":[{"id":47857,"href":"https:\/\/2horizontes.com\/index.php?rest_route=\/wp\/v2\/posts\/47851\/revisions\/47857"}],"wp:featuredmedia":[{"embeddable":true,"href":"https:\/\/2horizontes.com\/index.php?rest_route=\/wp\/v2\/media\/31901"}],"wp:attachment":[{"href":"https:\/\/2horizontes.com\/index.php?rest_route=%2Fwp%2Fv2%2Fmedia&parent=47851"}],"wp:term":[{"taxonomy":"category","embeddable":true,"href":"https:\/\/2horizontes.com\/index.php?rest_route=%2Fwp%2Fv2%2Fcategories&post=47851"},{"taxonomy":"post_tag","embeddable":true,"href":"https:\/\/2horizontes.com\/index.php?rest_route=%2Fwp%2Fv2%2Ftags&post=47851"}],"curies":[{"name":"wp","href":"https:\/\/api.w.org\/{rel}","templated":true}]}}