{"id":47849,"date":"2016-04-18T23:21:34","date_gmt":"2016-04-18T22:21:34","guid":{"rendered":"http:\/\/2horizontes.com\/?p=47849"},"modified":"2016-04-18T23:21:34","modified_gmt":"2016-04-18T22:21:34","slug":"rousseff-no-pueden-permanecer-en-el-gobierno-esas-personas-que-votaron-a-favor-del-juicio","status":"publish","type":"post","link":"https:\/\/2horizontes.com\/?p=47849","title":{"rendered":"Rousseff: \u00abNo pueden permanecer en el gobierno esas personas que votaron a favor del juicio\u00bb"},"content":{"rendered":"<p>La presidenta de Brasil, Dilma Rousseff, afirm\u00f3 que habr\u00e1 un cambio en la estructura de gobierno despu\u00e9s de que se aprobara el inicio del proceso de destituci\u00f3n.<\/p>\n<p>\u00abNo pueden permanecer en el gobierno esas personas que votaron a favor del juicio pol\u00edtico. Creo que ser\u00e1 necesario reorganizar el gobierno. Vamos a construir un nuevo camino\u00bb, se\u00f1al\u00f3 la mandataria en una rueda de prensa este lunes.<\/p>\n<p>Rousseff indic\u00f3 que el ex presidente Ignacio Lula Da Silva ha sido de gran ayuda en el proceso que ha atravesado y expres\u00f3 que espera que la semana siguiente asuma como Jefe Civil de la Casa de la Rep\u00fablica.<\/p>\n","protected":false},"excerpt":{"rendered":"<p>La presidenta de Brasil, Dilma Rousseff, afirm\u00f3 que habr\u00e1 un cambio en la estructura de gobierno despu\u00e9s de que se aprobara el inicio del proceso de destituci\u00f3n. \u00abNo pueden permanecer en el gobierno esas personas que votaron a favor del juicio pol\u00edtico. Creo que ser\u00e1 necesario reorganizar el gobierno. Vamos a construir un nuevo camino\u00bb, [&hellip;]<\/p>\n","protected":false},"author":13240,"featured_media":26595,"comment_status":"open","ping_status":"open","sticky":false,"template":"","format":"standard","meta":{"footnotes":""},"categories":[40,43],"tags":[],"class_list":["post-47849","post","type-post","status-publish","format-standard","has-post-thumbnail","hentry","category-internacionales","category-politica"],"_links":{"self":[{"href":"https:\/\/2horizontes.com\/index.php?rest_route=\/wp\/v2\/posts\/47849","targetHints":{"allow":["GET"]}}],"collection":[{"href":"https:\/\/2horizontes.com\/index.php?rest_route=\/wp\/v2\/posts"}],"about":[{"href":"https:\/\/2horizontes.com\/index.php?rest_route=\/wp\/v2\/types\/post"}],"author":[{"embeddable":true,"href":"https:\/\/2horizontes.com\/index.php?rest_route=\/wp\/v2\/users\/13240"}],"replies":[{"embeddable":true,"href":"https:\/\/2horizontes.com\/index.php?rest_route=%2Fwp%2Fv2%2Fcomments&post=47849"}],"version-history":[{"count":1,"href":"https:\/\/2horizontes.com\/index.php?rest_route=\/wp\/v2\/posts\/47849\/revisions"}],"predecessor-version":[{"id":47853,"href":"https:\/\/2horizontes.com\/index.php?rest_route=\/wp\/v2\/posts\/47849\/revisions\/47853"}],"wp:featuredmedia":[{"embeddable":true,"href":"https:\/\/2horizontes.com\/index.php?rest_route=\/wp\/v2\/media\/26595"}],"wp:attachment":[{"href":"https:\/\/2horizontes.com\/index.php?rest_route=%2Fwp%2Fv2%2Fmedia&parent=47849"}],"wp:term":[{"taxonomy":"category","embeddable":true,"href":"https:\/\/2horizontes.com\/index.php?rest_route=%2Fwp%2Fv2%2Fcategories&post=47849"},{"taxonomy":"post_tag","embeddable":true,"href":"https:\/\/2horizontes.com\/index.php?rest_route=%2Fwp%2Fv2%2Ftags&post=47849"}],"curies":[{"name":"wp","href":"https:\/\/api.w.org\/{rel}","templated":true}]}}