{"id":47839,"date":"2016-04-18T23:07:50","date_gmt":"2016-04-18T22:07:50","guid":{"rendered":"http:\/\/2horizontes.com\/?p=47839"},"modified":"2016-04-18T23:07:50","modified_gmt":"2016-04-18T22:07:50","slug":"cifra-de-fallecidos-por-terremoto-en-ecuador-sube-a-366","status":"publish","type":"post","link":"https:\/\/2horizontes.com\/?p=47839","title":{"rendered":"Cifra de fallecidos por terremoto en Ecuador sube a 366"},"content":{"rendered":"<div class=\"mce-body mce\">\n<p>La cifra de fallecidos por el terremoto que azot\u00f3 la costa de Ecuador el fin de semana subi\u00f3 a 366, dijo la tarde del lunes la Secretar\u00eda de Gesti\u00f3n de Riesgos en un informe.<\/p>\n<p>\u00abDurante toda la noche hemos continuado las tareas de b\u00fasqueda y rescate y de evacuaci\u00f3n de las personas que han quedado atrapadas. Tenemos lamentablemente que informar que tenemos alrededor de 350 personas fallecidas\u00bb, dijo el ministro de Seguridad C\u00e9sar Navas en declaraciones al canal Teleamazonas.<\/p>\n<p>Entre las poblaciones m\u00e1s afectadas est\u00e1n Pedernales, donde la mayor parte de las construcciones colapsaron y apenas dos o tres edificios quedan en pie. Los afectados han convertido al estadio de f\u00fatbol en zona de atenci\u00f3n hospitalaria y de refugio de cientos de personas.<\/p>\n<p>BBC.<\/p>\n<\/div>\n","protected":false},"excerpt":{"rendered":"<p>La cifra de fallecidos por el terremoto que azot\u00f3 la costa de Ecuador el fin de semana subi\u00f3 a 366, dijo la tarde del lunes la Secretar\u00eda de Gesti\u00f3n de Riesgos en un informe. \u00abDurante toda la noche hemos continuado las tareas de b\u00fasqueda y rescate y de evacuaci\u00f3n de las personas que han quedado [&hellip;]<\/p>\n","protected":false},"author":13240,"featured_media":47842,"comment_status":"open","ping_status":"open","sticky":false,"template":"","format":"standard","meta":{"footnotes":""},"categories":[40,56],"tags":[],"class_list":["post-47839","post","type-post","status-publish","format-standard","has-post-thumbnail","hentry","category-internacionales","category-notas-luctuosas"],"_links":{"self":[{"href":"https:\/\/2horizontes.com\/index.php?rest_route=\/wp\/v2\/posts\/47839","targetHints":{"allow":["GET"]}}],"collection":[{"href":"https:\/\/2horizontes.com\/index.php?rest_route=\/wp\/v2\/posts"}],"about":[{"href":"https:\/\/2horizontes.com\/index.php?rest_route=\/wp\/v2\/types\/post"}],"author":[{"embeddable":true,"href":"https:\/\/2horizontes.com\/index.php?rest_route=\/wp\/v2\/users\/13240"}],"replies":[{"embeddable":true,"href":"https:\/\/2horizontes.com\/index.php?rest_route=%2Fwp%2Fv2%2Fcomments&post=47839"}],"version-history":[{"count":1,"href":"https:\/\/2horizontes.com\/index.php?rest_route=\/wp\/v2\/posts\/47839\/revisions"}],"predecessor-version":[{"id":47843,"href":"https:\/\/2horizontes.com\/index.php?rest_route=\/wp\/v2\/posts\/47839\/revisions\/47843"}],"wp:featuredmedia":[{"embeddable":true,"href":"https:\/\/2horizontes.com\/index.php?rest_route=\/wp\/v2\/media\/47842"}],"wp:attachment":[{"href":"https:\/\/2horizontes.com\/index.php?rest_route=%2Fwp%2Fv2%2Fmedia&parent=47839"}],"wp:term":[{"taxonomy":"category","embeddable":true,"href":"https:\/\/2horizontes.com\/index.php?rest_route=%2Fwp%2Fv2%2Fcategories&post=47839"},{"taxonomy":"post_tag","embeddable":true,"href":"https:\/\/2horizontes.com\/index.php?rest_route=%2Fwp%2Fv2%2Ftags&post=47839"}],"curies":[{"name":"wp","href":"https:\/\/api.w.org\/{rel}","templated":true}]}}