{"id":47781,"date":"2016-04-18T10:07:53","date_gmt":"2016-04-18T09:07:53","guid":{"rendered":"http:\/\/2horizontes.com\/?p=47781"},"modified":"2016-04-18T10:07:53","modified_gmt":"2016-04-18T09:07:53","slug":"abrir-una-guerra-sucesoria-en-el-pp-desestabilizaria-al-partido","status":"publish","type":"post","link":"https:\/\/2horizontes.com\/?p=47781","title":{"rendered":"\u201cAbrir una guerra sucesoria en el PP desestabilizar\u00eda al partido\u201d"},"content":{"rendered":"<p>El mundo no deja de girar porque el Gobierno espa\u00f1ol est\u00e9 en funciones y el ministro de Asuntos Exteriores y Cooperaci\u00f3n, con \u00e9l. Jos\u00e9 Manuel Garc\u00eda-Margallo acaba de visitar Washington, Buenos Aires y Santiago de Chile y prepara ya un viaje a Kazajist\u00e1n y Azerbaiy\u00e1n. Entretanto, ha destituido al embajador espa\u00f1ol en Bruselas y encara la amenaza del refer\u00e9ndum brit\u00e1nico sobre la UE.<\/p>\n<p><strong>Pregunta.<\/strong> \u00bfSe esperaba la dimisi\u00f3n del ministro Jos\u00e9 Manuel Soria?<\/p>\n<p><strong>Respuesta.<\/strong> Conoci\u00e9ndole, no me ha extra\u00f1ado. Reconoce que ha cometido errores de comunicaci\u00f3n que hubiesen podido perjudicar al partido y al Gobierno si hubiera continuado en el cargo. Por cierto, que lo que ha hecho Jos\u00e9 Manuel Soria, que no est\u00e1 imputado ni investigado por nada, contrasta con lo que ocurre en otros partidos.<\/p>\n<p><strong>P.<\/strong> \u00bfPuede perjudicar electoralmente al PP este caso?<\/p>\n<p><strong>R.<\/strong> No lo creo, Soria finaliza su comunicado diciendo que \u201cla pol\u00edtica debe ser ejemplar, tambi\u00e9n en la pedagog\u00eda y las explicaciones. Cuando as\u00ed no ocurre, deben asumirse responsabilidades\u201d. Soria las ha asumido y el presidente del Gobierno y el PP han aceptado su renuncia.<\/p>\n<p><strong>P.<\/strong> Un ministro, que gestiona dinero p\u00fablico, \u00bfpuede tener sociedades en un para\u00edso fiscal?<\/p>\n<p><strong>R.<\/strong> Hay que actuar siempre dentro de la legalidad, como cualquier contribuyente, y pagar los impuestos que correspondan. Cuando hablamos de actividades privadas antes de ejercer un cargo p\u00fablico, lo que importa es si se han declarado todos los rendimientos obtenidos fuera y se han pagado los impuestos correspondientes en su totalidad.<\/p>\n<section id=\"sumario_1|html\" class=\"sumario_html centro\"><a name=\"sumario_1\"><\/a><\/p>\n<div class=\"sumario__interior\">\n<div class=\"sumario-texto\">\n<p class=\"texto_grande\">\u00abHab\u00eda razones de peso para sacar a Panam\u00e1 de la lista de para\u00edsos fiscales\u00bb<\/p>\n<\/div>\n<\/div>\n<\/section>\n<p><strong>P.<\/strong> Si las elecciones se repiten el 26 de junio y el resultado es similar al del 20 de diciembre, \u00bfpodr\u00eda entrar la democracia espa\u00f1ola en un callej\u00f3n sin salida, un bloqueo pol\u00edtico indefinido?<\/p>\n<p><strong>R.<\/strong> Ser\u00eda absolutamente incomprensible. La fragmentaci\u00f3n del Parlamento es la t\u00f3nica habitual en Europa y tambi\u00e9n lo es formar coaliciones entre los partidos que coinciden en las f\u00f3rmulas para acometer los principales retos, como la desaceleraci\u00f3n de la econom\u00eda mundial, la crisis de la UE, con la amenaza del <em>Brexit,<\/em> el terrorismo yihadista o el desaf\u00edo territorial en casa. Los partidos que garantizan la homogeneidad y el amplio apoyo que requiere un Gobierno son el PP, Ciudadanos y el PSOE. Si los desaf\u00edos son tan grandes y las reformas que hay que acometer tan profundas, es muy dif\u00edcil explicar en Europa por qu\u00e9 no se hace esa coalici\u00f3n.<\/p>\n<p><strong>P.<\/strong> \u00bfY si el precio de ese acuerdo fuera la renuncia de Rajoy como candidato?<\/p>\n<p><strong>R.<\/strong> Es un precio que nadie puede pedir. Ser\u00eda adem\u00e1s profundamente injusto: Rajoy es el se\u00f1or que ha sacado a este pa\u00eds del naufragio inminente y lo ha puesto a navegar; es el se\u00f1or que ha ganado las elecciones y el que garantiza la armon\u00eda entre las distintas sensibilidades dentro del PP, que haberlas haylas. Abrir una guerra sucesoria en el PP ser\u00eda poner en riesgo su estabilidad y eso ser\u00eda malo para el partido, pero tambi\u00e9n para Espa\u00f1a.<\/p>\n<section id=\"sumario_4|html\" class=\"sumario_html centro\"><a name=\"sumario_4\"><\/a><\/p>\n<div class=\"sumario__interior\">\n<div class=\"sumario-texto\">\n<p class=\"texto_grande\">\u201cSe debe conocer que Gibraltar es un agujero negro en la fiscalidad europea\u201d<\/p>\n<\/div>\n<\/div>\n<\/section>\n<p><strong>P.<\/strong> Con el esc\u00e1ndalo de los papeles de Panam\u00e1, el primer ministro David Cameron no pasa su mejor momento. \u00bfHay riesgo de que los brit\u00e1nicos le pasen factura en el refer\u00e9ndum sobre la UE?<\/p>\n<p><strong>R.<\/strong> El refer\u00e9ndum se celebra en un momento muy delicado para la UE: el rescate de Grecia no est\u00e1 a\u00fan resuelto, tenemos la crisis de los refugiados y las reticencias de los Estados miembros a compartir informaci\u00f3n sensible, muy necesaria para combatir el terrorismo yihadista&#8230; Si a eso se unen los problemas internos de Cameron, el riesgo de que gane el <em>no<\/em> es real. Y eso preocupa enormemente al Gobierno espa\u00f1ol. Ser\u00eda el primer pa\u00eds que sale de la UE.<\/p>\n<p><strong>P.<\/strong> \u00bfSer\u00eda una herida de muerte para el proyecto europeo?<\/p>\n<p><strong>R.<\/strong> Depende de c\u00f3mo reaccionemos. Habr\u00eda que contrarrestarlo con un salto adelante de los pa\u00edses que compartimos el euro, creando un aut\u00e9ntico Gobierno econ\u00f3mico y mutualizando la deuda. Demostrarnos a nosotros mismos y al mundo que este proyecto va adelante.<\/p>\n<p><strong>P.<\/strong> A [Fabian] Picardo [ministro principal gibraltare\u00f1o] le preocupa la salida de la UE. \u00bfTiene motivos?<\/p>\n<p><strong>R.<\/strong> Claro que los tiene. Gibraltar es una colonia y tiene acceso a la UE en la medida en que lo tiene Reino Unido.<\/p>\n<p><strong>P.<\/strong> \u00bfY eso supondr\u00eda volver a cerrar la Verja?<\/p>\n<p><strong>R.<\/strong> Habr\u00eda que replantear las relaciones con Gibraltar. Ahora que se habla tanto de los para\u00edsos fiscales, Espa\u00f1a tiene dos denuncias ante la Comisi\u00f3n. Y vamos a remitirlas a otros pa\u00edses para que sepan, al revisar la lista de para\u00edsos fiscales, que Gibraltar es un agujero negro en la fiscalidad europea.<\/p>\n<p><strong>P.<\/strong> \u00bfPanam\u00e1 lo es?<\/p>\n<p><strong>R.<\/strong> Ning\u00fan pa\u00eds de la UE lo tiene en la lista&#8230;<\/p>\n<p><strong>P.<\/strong> Francia s\u00ed.<\/p>\n<p><strong>R.<\/strong> Ha dicho que lo va a poner, pero a\u00fan no lo ha hecho.<\/p>\n<p><strong>P.<\/strong> \u00bfPor qu\u00e9 sac\u00f3 Zapatero a Panam\u00e1 de la lista?<\/p>\n<p><strong>R.<\/strong> La legislaci\u00f3n paname\u00f1a establec\u00eda que ninguna empresa radicada en un pa\u00eds que tuviese a Panam\u00e1 en la lista de para\u00edsos fiscales podr\u00eda licitar a las grandes obras p\u00fablicas, incluida la ampliaci\u00f3n del canal. Hab\u00eda razones de peso para hacerlo.<\/p>\n<p><strong>P.<\/strong> \u00bfAsistir\u00e1 el Rey al acto de inauguraci\u00f3n de la ampliaci\u00f3n del canal? Ser\u00e1 el 26 de junio, el d\u00eda de las elecciones&#8230;<\/p>\n<p><strong>R.<\/strong> Si no se llega a un acuerdo y hay que celebrar elecciones, yo votar\u00e9 por correo para estar en Panam\u00e1, porque es uno de los buques insignia de la <em>marca Espa\u00f1a. A ver c\u00f3mo lo arreglamos para que haya una representaci\u00f3n de mayor nivel que la m\u00eda.<\/em><\/p>\n<p><strong>P.<\/strong> El Consejo de Seguridad, donde se sienta Espa\u00f1a, debe abordar este mes el conflicto del S\u00e1hara en plena crisis entre la ONU y Marruecos.<\/p>\n<p><strong>R.<\/strong> Marruecos insiste en que el problema es con el secretario general, no con el Consejo&#8230; Parece que Ban Ki-moon va a escribir una carta en la que reinterpreta lo que dijo; veremos si eso restablece la calma. El objetivo de Espa\u00f1a es que la crisis no vaya a m\u00e1s, que Minurso [la misi\u00f3n de la ONU para el S\u00e1hara] pueda desarrollar su misi\u00f3n con normalidad.<\/p>\n<section id=\"sumario_3|despiece\" class=\"sumario_despiece centro\"><a name=\"sumario_3\"><\/a><\/p>\n<div class=\"sumario__interior\">\n<header class=\"sumario-encabezado\">\n<h4 class=\"sumario-titulo\"><span class=\"sin_enlace\">SIN FECHA PARA LA VUELTA A CARACAS DEL EMBAJADOR<\/span><\/h4>\n<\/header>\n<div class=\"sumario-texto\">\n<p class=\"sumario-autor\">M. G.<\/p>\n<p>El embajador espa\u00f1ol en Caracas sali\u00f3 de la capital de Venezuela a principios de mes tras los reiterados exabruptos del presidente Nicol\u00e1s Maduro. \u201cVamos a esperar a ver c\u00f3mo evoluciona la situaci\u00f3n. [La llamada a consultas] ha sido una reacci\u00f3n obligada, y bastante en\u00e9rgica, ante los improperios que el presidente Maduro ha dedicado al presidente Rajoy y al expresidente Gonz\u00e1lez. No es un lenguaje aceptable en las relaciones diplom\u00e1ticas. Y cuando nos acusan de injerencia, le dir\u00e9 que lo \u00fanico que hemos dicho es que queremos para Venezuela lo mismo que para Espa\u00f1a\u201d, recalca.<\/p>\n<p>El ministro no se pronuncia sobre un posible expediente disciplinario al embajador en B\u00e9lgica, destituido despu\u00e9s de que la Inspecci\u00f3n apreciase \u201cabsentismo\u201d y abuso de autoridad. \u201cVeremos qu\u00e9 ha pasado; soy muy cuidadoso en no desacreditar lo que el subsecretario tenga que decir\u201d.<\/p>\n<\/div>\n<\/div>\n<\/section>\n","protected":false},"excerpt":{"rendered":"<p>El mundo no deja de girar porque el Gobierno espa\u00f1ol est\u00e9 en funciones y el ministro de Asuntos Exteriores y Cooperaci\u00f3n, con \u00e9l. Jos\u00e9 Manuel Garc\u00eda-Margallo acaba de visitar Washington, Buenos Aires y Santiago de Chile y prepara ya un viaje a Kazajist\u00e1n y Azerbaiy\u00e1n. Entretanto, ha destituido al embajador espa\u00f1ol en Bruselas y encara [&hellip;]<\/p>\n","protected":false},"author":1,"featured_media":47782,"comment_status":"open","ping_status":"open","sticky":false,"template":"","format":"standard","meta":{"footnotes":""},"categories":[85,43],"tags":[],"class_list":["post-47781","post","type-post","status-publish","format-standard","has-post-thumbnail","hentry","category-espana","category-politica"],"_links":{"self":[{"href":"https:\/\/2horizontes.com\/index.php?rest_route=\/wp\/v2\/posts\/47781","targetHints":{"allow":["GET"]}}],"collection":[{"href":"https:\/\/2horizontes.com\/index.php?rest_route=\/wp\/v2\/posts"}],"about":[{"href":"https:\/\/2horizontes.com\/index.php?rest_route=\/wp\/v2\/types\/post"}],"author":[{"embeddable":true,"href":"https:\/\/2horizontes.com\/index.php?rest_route=\/wp\/v2\/users\/1"}],"replies":[{"embeddable":true,"href":"https:\/\/2horizontes.com\/index.php?rest_route=%2Fwp%2Fv2%2Fcomments&post=47781"}],"version-history":[{"count":1,"href":"https:\/\/2horizontes.com\/index.php?rest_route=\/wp\/v2\/posts\/47781\/revisions"}],"predecessor-version":[{"id":47783,"href":"https:\/\/2horizontes.com\/index.php?rest_route=\/wp\/v2\/posts\/47781\/revisions\/47783"}],"wp:featuredmedia":[{"embeddable":true,"href":"https:\/\/2horizontes.com\/index.php?rest_route=\/wp\/v2\/media\/47782"}],"wp:attachment":[{"href":"https:\/\/2horizontes.com\/index.php?rest_route=%2Fwp%2Fv2%2Fmedia&parent=47781"}],"wp:term":[{"taxonomy":"category","embeddable":true,"href":"https:\/\/2horizontes.com\/index.php?rest_route=%2Fwp%2Fv2%2Fcategories&post=47781"},{"taxonomy":"post_tag","embeddable":true,"href":"https:\/\/2horizontes.com\/index.php?rest_route=%2Fwp%2Fv2%2Ftags&post=47781"}],"curies":[{"name":"wp","href":"https:\/\/api.w.org\/{rel}","templated":true}]}}