{"id":47711,"date":"2016-04-17T14:00:54","date_gmt":"2016-04-17T13:00:54","guid":{"rendered":"http:\/\/2horizontes.com\/?p=47711"},"modified":"2016-04-17T14:02:16","modified_gmt":"2016-04-17T13:02:16","slug":"el-gobierno-de-ecuador-decreto-el-estado-de-excepcion-nacional-por-el-terremoto-de-77-grados","status":"publish","type":"post","link":"https:\/\/2horizontes.com\/?p=47711","title":{"rendered":"El gobierno de Ecuador decret\u00f3 el estado de excepci\u00f3n nacional por el terremoto de 7,7 grados"},"content":{"rendered":"<p><strong>Ecuador<\/strong><\/p>\n<p>Luego del potente terremoto de 7,7 grados que golpe\u00f3 el s\u00e1bado a Ecuador, el vicepresidente Jorge Glas anunci\u00f3 en cadena nacional que se decret\u00f3 el estado de excepci\u00f3n y que est\u00e1 activado el Comit\u00e9 de Operaciones de Emergencia (COE).<\/p>\n<div>\n<div>\n<div id=\"2213680-535479626_wrap\" class=\"embed_cont type_video\">\n<div id=\"2213680-535479626_content\" class=\"embed_content\"><\/div>\n<div id=\"2213680-535479626_epigrafe\" class=\"embed_epigrafe\">La rueda de prensa del vicepresidente ecuatoriano Jorge Glas con las primeras cifras de los da\u00f1os tras el sismo de 7,7 grados<\/div>\n<div id=\"2213680-535479626_copyright\" class=\"embed_copyright\">Reuters<\/div>\n<\/div>\n<\/div>\n<div>En estos momentos Glas es la autoridad m\u00e1xima en Ecuador ya que el presidente, Rafael Correa, se encuentra en el Vaticano en un viaje oficial.<\/div>\n<div><\/div>\n<div>\n<div><b>Mediante el estado de excepci\u00f3n, el gobierno podr\u00e1 utilizar fondos p\u00fablicos afectados a otros fines, disponer de las Fuerzas Armadas y establecer censura previa en la informaci\u00f3n de los medios de comunicaci\u00f3n<\/b>, entre otras atribuciones.<\/div>\n<div><\/div>\n<div>La vigencia del decreto es de 60 d\u00edas, y puede ser invocado en situaciones de agresi\u00f3n externa, conmoci\u00f3n interna o desastres naturales.<\/div>\n<\/div>\n<div><\/div>\n<div><\/div>\n<div><\/div>\n<div>\u00abLlevamos 16 personas fallecidas en la ciudad de Portoviejo, 10 en Manta, dos en la provincia de Guayas (todos en el suroeste)\u00bb, dijo Glas en la rueda de prensa en Quito sobre lo que calific\u00f3 como <b>el \u00abmovimiento tel\u00farico m\u00e1s grave que hemos enfrentado en d\u00e9cadas\u00bb.<\/b><\/div>\n<div>\n<p>El vicepresidente, que <b>no present\u00f3 todav\u00eda el balance de heridos,<\/b> explic\u00f3 que se ha decretado el estado de excepci\u00f3n a nivel nacional \u00abpara precautelar el orden p\u00fablico\u00bb tras el terremoto, que tambi\u00e9n se sinti\u00f3 en el norte del Per\u00fa y en Colombia.<\/p>\n<p>Adem\u00e1s, se declar\u00f3 la <b>emergencia en las seis provincias m\u00e1s afectadas, ubicadas entre el suroeste y el noroeste del pa\u00eds: Esmeraldas, Los R\u00edos, Manab\u00ed, Santa Elena, Guayas y Santo Domingo.<\/b><\/p>\n<p>F. Infobae.<\/p>\n<\/div>\n<\/div>\n","protected":false},"excerpt":{"rendered":"<p>Ecuador Luego del potente terremoto de 7,7 grados que golpe\u00f3 el s\u00e1bado a Ecuador, el vicepresidente Jorge Glas anunci\u00f3 en cadena nacional que se decret\u00f3 el estado de excepci\u00f3n y que est\u00e1 activado el Comit\u00e9 de Operaciones de Emergencia (COE). La rueda de prensa del vicepresidente ecuatoriano Jorge Glas con las primeras cifras de los [&hellip;]<\/p>\n","protected":false},"author":7,"featured_media":47712,"comment_status":"open","ping_status":"open","sticky":false,"template":"","format":"standard","meta":{"footnotes":""},"categories":[40],"tags":[],"class_list":["post-47711","post","type-post","status-publish","format-standard","has-post-thumbnail","hentry","category-internacionales"],"_links":{"self":[{"href":"https:\/\/2horizontes.com\/index.php?rest_route=\/wp\/v2\/posts\/47711","targetHints":{"allow":["GET"]}}],"collection":[{"href":"https:\/\/2horizontes.com\/index.php?rest_route=\/wp\/v2\/posts"}],"about":[{"href":"https:\/\/2horizontes.com\/index.php?rest_route=\/wp\/v2\/types\/post"}],"author":[{"embeddable":true,"href":"https:\/\/2horizontes.com\/index.php?rest_route=\/wp\/v2\/users\/7"}],"replies":[{"embeddable":true,"href":"https:\/\/2horizontes.com\/index.php?rest_route=%2Fwp%2Fv2%2Fcomments&post=47711"}],"version-history":[{"count":2,"href":"https:\/\/2horizontes.com\/index.php?rest_route=\/wp\/v2\/posts\/47711\/revisions"}],"predecessor-version":[{"id":47714,"href":"https:\/\/2horizontes.com\/index.php?rest_route=\/wp\/v2\/posts\/47711\/revisions\/47714"}],"wp:featuredmedia":[{"embeddable":true,"href":"https:\/\/2horizontes.com\/index.php?rest_route=\/wp\/v2\/media\/47712"}],"wp:attachment":[{"href":"https:\/\/2horizontes.com\/index.php?rest_route=%2Fwp%2Fv2%2Fmedia&parent=47711"}],"wp:term":[{"taxonomy":"category","embeddable":true,"href":"https:\/\/2horizontes.com\/index.php?rest_route=%2Fwp%2Fv2%2Fcategories&post=47711"},{"taxonomy":"post_tag","embeddable":true,"href":"https:\/\/2horizontes.com\/index.php?rest_route=%2Fwp%2Fv2%2Ftags&post=47711"}],"curies":[{"name":"wp","href":"https:\/\/api.w.org\/{rel}","templated":true}]}}