{"id":47708,"date":"2016-04-17T13:57:22","date_gmt":"2016-04-17T12:57:22","guid":{"rendered":"http:\/\/2horizontes.com\/?p=47708"},"modified":"2016-04-17T13:57:22","modified_gmt":"2016-04-17T12:57:22","slug":"espana-expreso-su-solidaridad-con-ecuador-por-el-terremoto","status":"publish","type":"post","link":"https:\/\/2horizontes.com\/?p=47708","title":{"rendered":"Espa\u00f1a expres\u00f3 su solidaridad con Ecuador por el terremoto"},"content":{"rendered":"<div>\n<div><strong>Espa\u00f1a<\/strong><\/div>\n<div><\/div>\n<div>El gobierno espa\u00f1ol <b>lament\u00f3 \u00ablas consecuencias catastr\u00f3ficas\u00bb del fuerte terremoto <\/b>que sacudi\u00f3 a Ecuador el s\u00e1bado, causando al menos 77 muertos y cientos de heridos.<\/div>\n<div><\/div>\n<div>\u00abEn estos duros momentos para Ecuador, el gobierno espa\u00f1ol <b>desea trasmitir sus profundos sentimientos de solidaridad a todos los afectados<\/b>, al pueblo y a las autoridades de Ecuador\u00bb, expresaron las autoridades a trav\u00e9s de un comunicado difundido por el Ministerio de Asuntos Exteriores.<\/div>\n<div><\/div>\n<div>El ejecutivo espa\u00f1ol dirigi\u00f3 adem\u00e1s <b>sus condolencias a las familias de las v\u00edctimas <\/b>y expres\u00f3 su deseo de pronto restablecimiento a los heridos.<\/div>\n<\/div>\n<div><\/div>\n<div>Asimismo, el presidente del Gobierno espa\u00f1ol, Mariano Rajoy, utiliz\u00f3 las redes sociales para manifestar su solidaridad con el pa\u00eds ecuatoriano y su apoyo al Presidente.<\/div>\n<div><\/div>\n<div>\n<div id=\"embed46_wrap\" class=\"embed_cont type_freetext\">\n<div id=\"embed46_content\" class=\"embed_content\">\n<div id=\"embed46_embed\">\n<div class=\"tweet-embed\"><\/div>\n<\/div>\n<\/div>\n<div id=\"embed46_epigrafe\" class=\"embed_epigrafe\"><\/div>\n<div id=\"embed46_copyright\" class=\"embed_copyright\"><\/div>\n<\/div>\n<\/div>\n<p>&nbsp;<\/p>\n<div>\n<div>Un potente terremoto de magnitud de 7,8 y con epicentro en la provincia de Manab\u00ed (oeste), sacudi\u00f3 el s\u00e1bado Ecuador. Por el momento las autoridades dieron un balance de al menos 77 muertos y m\u00e1s de 588 heridos, pero temen que esta cifra pueda agravarse.<\/div>\n<div>\n<div><\/div>\n<div><b>El temblor tambi\u00e9n fue sentido en el sur de Colombia y en Per\u00fa<\/b>, aunque en ninguno de esos pa\u00edses se reportaron v\u00edctimas.<\/div>\n<div><\/div>\n<div>Ante la magnitud del terremoto, las autoridades espa\u00f1olas pusieron a disposici\u00f3n de los afectados dos n\u00fameros telef\u00f3nicos <b>en los consulados espa\u00f1oles de Quito y Guayaquil<\/b>.<\/div>\n<div>F. Infobae.<\/div>\n<\/div>\n<\/div>\n","protected":false},"excerpt":{"rendered":"<p>Espa\u00f1a El gobierno espa\u00f1ol lament\u00f3 \u00ablas consecuencias catastr\u00f3ficas\u00bb del fuerte terremoto que sacudi\u00f3 a Ecuador el s\u00e1bado, causando al menos 77 muertos y cientos de heridos. \u00abEn estos duros momentos para Ecuador, el gobierno espa\u00f1ol desea trasmitir sus profundos sentimientos de solidaridad a todos los afectados, al pueblo y a las autoridades de Ecuador\u00bb, expresaron [&hellip;]<\/p>\n","protected":false},"author":7,"featured_media":47709,"comment_status":"open","ping_status":"open","sticky":false,"template":"","format":"standard","meta":{"footnotes":""},"categories":[85,40],"tags":[],"class_list":["post-47708","post","type-post","status-publish","format-standard","has-post-thumbnail","hentry","category-espana","category-internacionales"],"_links":{"self":[{"href":"https:\/\/2horizontes.com\/index.php?rest_route=\/wp\/v2\/posts\/47708","targetHints":{"allow":["GET"]}}],"collection":[{"href":"https:\/\/2horizontes.com\/index.php?rest_route=\/wp\/v2\/posts"}],"about":[{"href":"https:\/\/2horizontes.com\/index.php?rest_route=\/wp\/v2\/types\/post"}],"author":[{"embeddable":true,"href":"https:\/\/2horizontes.com\/index.php?rest_route=\/wp\/v2\/users\/7"}],"replies":[{"embeddable":true,"href":"https:\/\/2horizontes.com\/index.php?rest_route=%2Fwp%2Fv2%2Fcomments&post=47708"}],"version-history":[{"count":1,"href":"https:\/\/2horizontes.com\/index.php?rest_route=\/wp\/v2\/posts\/47708\/revisions"}],"predecessor-version":[{"id":47710,"href":"https:\/\/2horizontes.com\/index.php?rest_route=\/wp\/v2\/posts\/47708\/revisions\/47710"}],"wp:featuredmedia":[{"embeddable":true,"href":"https:\/\/2horizontes.com\/index.php?rest_route=\/wp\/v2\/media\/47709"}],"wp:attachment":[{"href":"https:\/\/2horizontes.com\/index.php?rest_route=%2Fwp%2Fv2%2Fmedia&parent=47708"}],"wp:term":[{"taxonomy":"category","embeddable":true,"href":"https:\/\/2horizontes.com\/index.php?rest_route=%2Fwp%2Fv2%2Fcategories&post=47708"},{"taxonomy":"post_tag","embeddable":true,"href":"https:\/\/2horizontes.com\/index.php?rest_route=%2Fwp%2Fv2%2Ftags&post=47708"}],"curies":[{"name":"wp","href":"https:\/\/api.w.org\/{rel}","templated":true}]}}