{"id":47502,"date":"2016-04-15T10:03:52","date_gmt":"2016-04-15T09:03:52","guid":{"rendered":"http:\/\/2horizontes.com\/?p=47502"},"modified":"2016-04-15T10:03:52","modified_gmt":"2016-04-15T09:03:52","slug":"prision-provisional-para-los-tres-hijos-del-patriarca-de-los-morones-por-extorsion-blanqueo-y-otros-delitos","status":"publish","type":"post","link":"https:\/\/2horizontes.com\/?p=47502","title":{"rendered":"Prisi\u00f3n provisional para los tres hijos del patriarca de los &#8216;morones&#8217; por extorsi\u00f3n, blanqueo y otros delitos"},"content":{"rendered":"<p>El Juzgado de Instrucci\u00f3n n\u00famero tres de Cangas do Morrazo (Pontevedra) ha decretado el ingreso en prisi\u00f3n provisional de Sina\u00ed Gim\u00e9nez Jim\u00e9nez y de dos de sus hermanos, Sa\u00fal y Juan Paulo, a los que se investiga por los supuestos delitos de extorsi\u00f3n, coacciones o amenazas, delito contra la Seguridad Social y blanqueo de capitales, entre otros.<\/p>\n<p>Seg\u00fan han confirmado fuentes judiciales, de los 11 detenidos en la llamada &#8216;Operaci\u00f3n Vida&#8217;, siete han pasado este jueves a disposici\u00f3n judicial. Adem\u00e1s de los tres que han sido trasladados a prisi\u00f3n, han comparecido ante el juez la matriarca del clan de los &#8216;morones&#8217;, Flora J.G., uno de sus nietos, una hija y una de sus nueras; y todos han quedado en libertad provisional sin fianza, con la obligaci\u00f3n de comparecer en el juzgado los d\u00edas 1 y 15 de cada mes.<\/p>\n<p>Por otra parte, otras dos personas, que fueron detenidas tambi\u00e9n el martes y que ese mismo d\u00eda quedaron libres en sede policial, han pasado tambi\u00e9n por el juzgado en calidad de investigados. Adem\u00e1s, este viernes ha sido citado para declarar como investigado el patriarca de la familia, Olegario G.S., que fue trasladado a un hospital en el momento de su detenci\u00f3n, y donde ha permanecido hasta este jueves.<\/p>\n<p>En esa causa se investiga la comisi\u00f3n de varios supuestos delitos: extorsi\u00f3n, coacciones o amenazas, blanqueo de capitales, delito contra la Seguridad Social, tenencia il\u00edcita de armas, pertenencia a organizaci\u00f3n criminal y tr\u00e1fico de drogas. As\u00ed, las fuentes policiales han apuntado a los investigados como responsables de un grupo dedicado a extorsionar y amenazar a vendedores ambulantes del colectivo conocido como &#8216;gitanos zamoranos&#8217;.<\/p>\n<p>&#8216;Operaci\u00f3n Vida&#8217;<\/p>\n<p>La &#8216;Operaci\u00f3n Vida&#8217; se inici\u00f3 el martes a primera hora de la ma\u00f1ana, con un amplio despliegue policial en el municipio pontevedr\u00e9s de Tomi\u00f1o, donde viven los &#8216;morones&#8217;. Adem\u00e1s de las 11 detenciones, se practicaron varios registros en las viviendas de la familia y tambi\u00e9n en una gestor\u00eda de Vigo, entre otros puntos de la provincia de Pontevedra.<\/p>\n<p>En esos registros se intervinieron varias armas, siete coches de alta gama, una caja de seguridad (que este jueves ha sido abierta en el juzgado) y diversa documentaci\u00f3n. La operaci\u00f3n sigue abierta y no se descartan m\u00e1s arrestos.<\/p>\n<p>\u00abInjusticia\u00bb<\/p>\n<p>Los siete detenidos que pasaron a disposici\u00f3n del juez este jueves permanecieron m\u00e1s de 13 horas en el edificio judicial de Cangas, mientras medio centenar de allegados y familiares se congregaron en los alrededores, entre gritos de \u00abinjusticia\u00bb e insultos hacia los \u00abchivatos\u00bb del grupo de los &#8216;zamoranos&#8217;.<\/p>\n<p>Los momentos de mayor tensi\u00f3n se vivieron pasadas las 23.30 horas, cuando Sina\u00ed Gim\u00e9nez y sus dos hermanos entraban en los veh\u00edculos policiales que los iban a trasladar a la c\u00e1rcel. En ese momento, mientras Gim\u00e9nez gritaba que estaban \u00abbien\u00bb, que no se preocuparan y que deb\u00edan \u00abseguir unidos\u00bb, un grupo de mujeres comenz\u00f3 a gritar: \u00ab\u00a1Es una injusticia, id a por los zamoranos!\u00bb.<\/p>\n<p>Por otra parte, el abogado defensor de Sa\u00fal y Juan Paulo, el letrado Marcos Garc\u00eda Montes, se\u00f1al\u00f3 ante los medios de comunicaci\u00f3n en un receso que las acusaciones eran una \u00abinvenci\u00f3n\u00bb porque el responsable de una gestor\u00eda de Vigo, que declar\u00f3 como investigado este jueves, ha afirmado que la gesti\u00f3n de la cooperativa de vendedores ambulantes \u00abest\u00e1 bien llevada\u00bb y que ninguno de sus miembros denunci\u00f3 nunca haber sido v\u00edctima de extorsi\u00f3n o chantaje.<\/p>\n<p>Adem\u00e1s, tambi\u00e9n ha incidido en que, seg\u00fan la versi\u00f3n de ese gestor, los cooperativistas est\u00e1n pagando sus cuotas a la Seguridad Social como aut\u00f3nomos. \u00abNo hab\u00eda ninguna queja, pagaban lo que ten\u00edan que pagar\u00bb, ha subrayado.<\/p>\n","protected":false},"excerpt":{"rendered":"<p>El Juzgado de Instrucci\u00f3n n\u00famero tres de Cangas do Morrazo (Pontevedra) ha decretado el ingreso en prisi\u00f3n provisional de Sina\u00ed Gim\u00e9nez Jim\u00e9nez y de dos de sus hermanos, Sa\u00fal y Juan Paulo, a los que se investiga por los supuestos delitos de extorsi\u00f3n, coacciones o amenazas, delito contra la Seguridad Social y blanqueo de capitales, [&hellip;]<\/p>\n","protected":false},"author":3,"featured_media":47503,"comment_status":"open","ping_status":"open","sticky":false,"template":"","format":"standard","meta":{"footnotes":""},"categories":[85],"tags":[],"class_list":["post-47502","post","type-post","status-publish","format-standard","has-post-thumbnail","hentry","category-espana"],"_links":{"self":[{"href":"https:\/\/2horizontes.com\/index.php?rest_route=\/wp\/v2\/posts\/47502","targetHints":{"allow":["GET"]}}],"collection":[{"href":"https:\/\/2horizontes.com\/index.php?rest_route=\/wp\/v2\/posts"}],"about":[{"href":"https:\/\/2horizontes.com\/index.php?rest_route=\/wp\/v2\/types\/post"}],"author":[{"embeddable":true,"href":"https:\/\/2horizontes.com\/index.php?rest_route=\/wp\/v2\/users\/3"}],"replies":[{"embeddable":true,"href":"https:\/\/2horizontes.com\/index.php?rest_route=%2Fwp%2Fv2%2Fcomments&post=47502"}],"version-history":[{"count":1,"href":"https:\/\/2horizontes.com\/index.php?rest_route=\/wp\/v2\/posts\/47502\/revisions"}],"predecessor-version":[{"id":47504,"href":"https:\/\/2horizontes.com\/index.php?rest_route=\/wp\/v2\/posts\/47502\/revisions\/47504"}],"wp:featuredmedia":[{"embeddable":true,"href":"https:\/\/2horizontes.com\/index.php?rest_route=\/wp\/v2\/media\/47503"}],"wp:attachment":[{"href":"https:\/\/2horizontes.com\/index.php?rest_route=%2Fwp%2Fv2%2Fmedia&parent=47502"}],"wp:term":[{"taxonomy":"category","embeddable":true,"href":"https:\/\/2horizontes.com\/index.php?rest_route=%2Fwp%2Fv2%2Fcategories&post=47502"},{"taxonomy":"post_tag","embeddable":true,"href":"https:\/\/2horizontes.com\/index.php?rest_route=%2Fwp%2Fv2%2Ftags&post=47502"}],"curies":[{"name":"wp","href":"https:\/\/api.w.org\/{rel}","templated":true}]}}