{"id":47450,"date":"2016-04-14T23:16:00","date_gmt":"2016-04-14T22:16:00","guid":{"rendered":"http:\/\/2horizontes.com\/?p=47450"},"modified":"2016-04-14T23:23:37","modified_gmt":"2016-04-14T22:23:37","slug":"maduro-anuncio-que-cambiara-huso-horario-por-ahorro-energetico","status":"publish","type":"post","link":"https:\/\/2horizontes.com\/?p=47450","title":{"rendered":"Maduro anunci\u00f3 que cambiar\u00e1 huso horario por ahorro energ\u00e9tico"},"content":{"rendered":"<div class=\"mce-body mce\">\n<p>El presidente de la Rep\u00fablica de Venezuela, Nicol\u00e1s Maduro, anunci\u00f3 que cambiar\u00e1 el huso horario en el pa\u00eds venenzolano por ahorro en\u00e9rgetico.<\/p>\n<p>La medida entrar\u00e1 en vigencia a partir del pr\u00f3ximo 1 de mayo, pero Maduro no detall\u00f3 c\u00f3mo ser\u00e1 este cambio.<\/p>\n<p>El mandatario nacional hizo el anuncio este jueves, cuando presidi\u00f3 un acto en conmemoraci\u00f3n a la victoria electoral del 14 de abril de 2013.<\/p>\n<p>EL NACIONAL WEB<\/p>\n<\/div>\n","protected":false},"excerpt":{"rendered":"<p>El presidente de la Rep\u00fablica de Venezuela, Nicol\u00e1s Maduro, anunci\u00f3 que cambiar\u00e1 el huso horario en el pa\u00eds venenzolano por ahorro en\u00e9rgetico. La medida entrar\u00e1 en vigencia a partir del pr\u00f3ximo 1 de mayo, pero Maduro no detall\u00f3 c\u00f3mo ser\u00e1 este cambio. El mandatario nacional hizo el anuncio este jueves, cuando presidi\u00f3 un acto en [&hellip;]<\/p>\n","protected":false},"author":13240,"featured_media":47455,"comment_status":"open","ping_status":"open","sticky":false,"template":"","format":"standard","meta":{"footnotes":""},"categories":[40,43,48],"tags":[],"class_list":["post-47450","post","type-post","status-publish","format-standard","has-post-thumbnail","hentry","category-internacionales","category-politica","category-venezuela"],"_links":{"self":[{"href":"https:\/\/2horizontes.com\/index.php?rest_route=\/wp\/v2\/posts\/47450","targetHints":{"allow":["GET"]}}],"collection":[{"href":"https:\/\/2horizontes.com\/index.php?rest_route=\/wp\/v2\/posts"}],"about":[{"href":"https:\/\/2horizontes.com\/index.php?rest_route=\/wp\/v2\/types\/post"}],"author":[{"embeddable":true,"href":"https:\/\/2horizontes.com\/index.php?rest_route=\/wp\/v2\/users\/13240"}],"replies":[{"embeddable":true,"href":"https:\/\/2horizontes.com\/index.php?rest_route=%2Fwp%2Fv2%2Fcomments&post=47450"}],"version-history":[{"count":4,"href":"https:\/\/2horizontes.com\/index.php?rest_route=\/wp\/v2\/posts\/47450\/revisions"}],"predecessor-version":[{"id":47459,"href":"https:\/\/2horizontes.com\/index.php?rest_route=\/wp\/v2\/posts\/47450\/revisions\/47459"}],"wp:featuredmedia":[{"embeddable":true,"href":"https:\/\/2horizontes.com\/index.php?rest_route=\/wp\/v2\/media\/47455"}],"wp:attachment":[{"href":"https:\/\/2horizontes.com\/index.php?rest_route=%2Fwp%2Fv2%2Fmedia&parent=47450"}],"wp:term":[{"taxonomy":"category","embeddable":true,"href":"https:\/\/2horizontes.com\/index.php?rest_route=%2Fwp%2Fv2%2Fcategories&post=47450"},{"taxonomy":"post_tag","embeddable":true,"href":"https:\/\/2horizontes.com\/index.php?rest_route=%2Fwp%2Fv2%2Ftags&post=47450"}],"curies":[{"name":"wp","href":"https:\/\/api.w.org\/{rel}","templated":true}]}}