{"id":47447,"date":"2016-04-14T23:10:35","date_gmt":"2016-04-14T22:10:35","guid":{"rendered":"http:\/\/2horizontes.com\/?p=47447"},"modified":"2016-04-14T23:24:14","modified_gmt":"2016-04-14T22:24:14","slug":"maduro-declaro-proximo-18-de-abril-dia-no-laborable","status":"publish","type":"post","link":"https:\/\/2horizontes.com\/?p=47447","title":{"rendered":"Maduro declar\u00f3 pr\u00f3ximo 18 de abril d\u00eda no laborable"},"content":{"rendered":"<p>El presidente de la Rep\u00fablica de Venezuela, Nicol\u00e1s Maduro, anunci\u00f3 la suspensi\u00f3n de clases el pr\u00f3ximo lunes 18 de abril y lo declar\u00f3 d\u00eda no laborable por ahorro eneg\u00e9tico.<\/p>\n<p>\u00abYo estoy decretando el lunes <strong>18<\/strong> <strong>de abril<\/strong> como no laborable y tampoco habr\u00e1 clases\u00bb, dijo el jefe de Estado este jueves desde el Palacio de Miraflores, donde celebr\u00f3 los tres a\u00f1os de su victoria electoral del 14 de abril de 2013.<\/p>\n<p>El mandatario nacional indic\u00f3 que estaba haciendo \u00abel puente por ahorro el\u00e9ctrico\u00bb.<\/p>\n<p>Maduro tambi\u00e9n defendi\u00f3 su medida de suspender actividades laborales en organismos p\u00fablicos los viernes durante 60 d\u00edas.<\/p>\n<p>El Nacional Web<\/p>\n","protected":false},"excerpt":{"rendered":"<p>El presidente de la Rep\u00fablica de Venezuela, Nicol\u00e1s Maduro, anunci\u00f3 la suspensi\u00f3n de clases el pr\u00f3ximo lunes 18 de abril y lo declar\u00f3 d\u00eda no laborable por ahorro eneg\u00e9tico. \u00abYo estoy decretando el lunes 18 de abril como no laborable y tampoco habr\u00e1 clases\u00bb, dijo el jefe de Estado este jueves desde el Palacio de [&hellip;]<\/p>\n","protected":false},"author":13240,"featured_media":47451,"comment_status":"open","ping_status":"open","sticky":false,"template":"","format":"standard","meta":{"footnotes":""},"categories":[40,43,48],"tags":[],"class_list":["post-47447","post","type-post","status-publish","format-standard","has-post-thumbnail","hentry","category-internacionales","category-politica","category-venezuela"],"_links":{"self":[{"href":"https:\/\/2horizontes.com\/index.php?rest_route=\/wp\/v2\/posts\/47447","targetHints":{"allow":["GET"]}}],"collection":[{"href":"https:\/\/2horizontes.com\/index.php?rest_route=\/wp\/v2\/posts"}],"about":[{"href":"https:\/\/2horizontes.com\/index.php?rest_route=\/wp\/v2\/types\/post"}],"author":[{"embeddable":true,"href":"https:\/\/2horizontes.com\/index.php?rest_route=\/wp\/v2\/users\/13240"}],"replies":[{"embeddable":true,"href":"https:\/\/2horizontes.com\/index.php?rest_route=%2Fwp%2Fv2%2Fcomments&post=47447"}],"version-history":[{"count":3,"href":"https:\/\/2horizontes.com\/index.php?rest_route=\/wp\/v2\/posts\/47447\/revisions"}],"predecessor-version":[{"id":47462,"href":"https:\/\/2horizontes.com\/index.php?rest_route=\/wp\/v2\/posts\/47447\/revisions\/47462"}],"wp:featuredmedia":[{"embeddable":true,"href":"https:\/\/2horizontes.com\/index.php?rest_route=\/wp\/v2\/media\/47451"}],"wp:attachment":[{"href":"https:\/\/2horizontes.com\/index.php?rest_route=%2Fwp%2Fv2%2Fmedia&parent=47447"}],"wp:term":[{"taxonomy":"category","embeddable":true,"href":"https:\/\/2horizontes.com\/index.php?rest_route=%2Fwp%2Fv2%2Fcategories&post=47447"},{"taxonomy":"post_tag","embeddable":true,"href":"https:\/\/2horizontes.com\/index.php?rest_route=%2Fwp%2Fv2%2Ftags&post=47447"}],"curies":[{"name":"wp","href":"https:\/\/api.w.org\/{rel}","templated":true}]}}