{"id":47443,"date":"2016-04-14T11:32:00","date_gmt":"2016-04-14T10:32:00","guid":{"rendered":"http:\/\/2horizontes.com\/?p=47443"},"modified":"2016-04-14T11:32:00","modified_gmt":"2016-04-14T10:32:00","slug":"por-dentro-estoy-destrozada-el-diario-de-una-adolescente-que-se-suicido-en-una-clinica-psiquiatrica","status":"publish","type":"post","link":"https:\/\/2horizontes.com\/?p=47443","title":{"rendered":"\u00abPor dentro estoy destrozada\u00bb: el diario de una adolescente que se suicid\u00f3 en una cl\u00ednica psiqui\u00e1trica"},"content":{"rendered":"<p class=\"story-body__introduction\">Sara Green ten\u00eda 17 a\u00f1os cuando fue internada en una unidad especial de salud mental en Inglaterra.<\/p>\n<p>Mientras estaba all\u00ed se suicidi\u00f3.<\/p>\n<p>La joven ten\u00eda <strong>un largo historial de problemas de salud mental<\/strong>, que comenzaron cuando ten\u00eda 11 a\u00f1os.<\/p>\n<p>Pero le encantaba escribir y en sus diarios relat\u00f3 <strong>c\u00f3mo fue la lucha<\/strong> que estaba viviendo.<\/p>\n<p><i>\u00abLlor\u00e9 much\u00edsimo hoy. Y s\u00e9 que ma\u00f1ana ser\u00e1 peor\u00bb<\/i>, escribi\u00f3.<\/p>\n<p>Durante la elaboraci\u00f3n de una serie sobre salud mental, la BBC tuvo acceso a sus diarios.<\/p>\n<div class=\"media-player-wrapper\">\n<figure id=\"media-player-1\" class=\"media-player\" data-playable=\"{&quot;settings&quot;:{&quot;counterName&quot;:null,&quot;edition&quot;:&quot;International&quot;,&quot;pageType&quot;:&quot;eav2&quot;,&quot;uniqueID&quot;:&quot;43373955&quot;,&quot;ui&quot;:{&quot;locale&quot;:{&quot;lang&quot;:&quot;es&quot;}},&quot;externalEmbedUrl&quot;:&quot;http:\\\/\\\/www.bbc.com\\\/mundo\\\/noticias\\\/2016\\\/04\\\/160411_salud_mental_diario_adolescente_suicidio_men\\\/embed&quot;,&quot;insideIframe&quot;:false},&quot;otherSettings&quot;:{&quot;advertisingAllowed&quot;:true,&quot;continuousPlayCfg&quot;:{&quot;enabled&quot;:false},&quot;isAutoplayOnForAudience&quot;:false,&quot;playlist&quot;:{&quot;mediaType&quot;:&quot;video&quot;,&quot;overrideHoldingImage&quot;:&quot;http:\\\/\\\/ichef.bbci.co.uk\\\/news\\\/ws\\\/640\\\/amz\\\/worldservice\\\/live\\\/assets\\\/images\\\/2016\\\/04\\\/12\\\/160412105137_saragreen_640x360_bbc_nocredit.jpg&quot;,&quot;streamingUrl&quot;:&quot;http:\\\/\\\/www.bbc.co.uk\\\/mundo\\\/meta\\\/dps\\\/2016\\\/04\\\/emp\\\/160412_video_salud_mental_diarios_men.emp.xml&quot;,&quot;progressiveDownloadUrl&quot;:&quot;http:\\\/\\\/www.bbc.com\\\/mundo\\\/noticias\\\/2016\\\/04\\\/160411_salud_mental_diario_adolescente_suicidio_men\\\/smp_playlist.xml&quot;}}}\">\n<div id=\"media-player-1jumpMediaPlayer\">Saltar el reproductor<\/div>\n<div id=\"media-player-1beforeFlash\">Ayuda<\/div>\n<div><\/div>\n<div id=\"media-player-1afterFlash\">Fuera del reproductor. Presione retorno para volver o el tabulador para continuar.<\/div>\n<\/figure>\n<\/div>\n<p>Fueron difundidos como un reflejo de la angustia que pueden sentir algunos pacientes j\u00f3venes cuando son atendidos en centros para adultos.<\/p>\n<ul class=\"story-body__unordered-list\">\n<li class=\"story-body__list-item\">Lee: La preocupante y creciente tendencia mundial de dar antidepresivos a ni\u00f1os y adolescentes<\/li>\n<\/ul>\n<h2 class=\"story-body__crosshead\">Autolesiones<\/h2>\n<p>Antes de ser internada hab\u00eda sido v\u00edctima de acoso en el colegio e, igual que muchos adolescentes, se autolesionaba para mitigar su sufrimiento.<\/p>\n<p><i>\u00abNo me aceptan en la escuela. Hay un l\u00edmite en el n\u00famero de insultos que una persona puede soportar. Me odian por lo que soy, pero lo cierto es que me odio a m\u00ed misma. No entiendo c\u00f3mo he dejado que me afecte tanto lo que me hacen\u00bb<\/i>.<\/p>\n<p>Tambi\u00e9n hab\u00eda desarrollado trastorno obsesivo compulsivo. A pesar de ello, <strong>logr\u00f3 resultados excelentes en sus ex\u00e1menes y esperaba ir a la universidad<\/strong>.<\/p>\n<ul class=\"story-body__unordered-list\">\n<li class=\"story-body__list-item\"><strong>\u00abMe acuerdo del d\u00eda que fui a la cocina por un cuchillo para cortarme las venas\u00bb: el drama de las enfermedades mentales en Am\u00e9rica Latina<\/strong><\/li>\n<\/ul>\n<p>En 2011, tres a\u00f1os antes de morir, tom\u00f3 una sobredosis de antidepresivos. Su familia la descubri\u00f3 a tiempo y fue referida a una unidad de terapia para j\u00f3venes como paciente voluntaria.<\/p>\n<p>Eventualmente fue dada de alta. Pero <strong>sus problemas no hab\u00edan cesado<\/strong>.<\/p>\n<p><i>\u00abQuiero decirles la verdad sobre c\u00f3mo han empeorado las cosas. No estoy bien. Por dentro estoy destrozada\u00bb<\/i>.<\/p>\n<p>Tal como cuenta <strong>Insight<\/strong>, una organizaci\u00f3n independiente de ayuda legal que est\u00e1 asesorando a la familia Green, Sara sigui\u00f3 autolesion\u00e1ndose y en 2013 tom\u00f3 otra sobredosis.<\/p>\n<p>Entonces fue internada en <strong>una unidad para adultos en una cl\u00ednica privada<\/strong> a 160 kil\u00f3metros de distancia de su casa.<\/p>\n<figure class=\"media-landscape has-caption full-width\"><span class=\"image-and-copyright-container\"><img loading=\"lazy\" decoding=\"async\" class=\"responsive-image__img js-image-replace alignleft\" src=\"http:\/\/ichef.bbci.co.uk\/news\/ws\/624\/amz\/worldservice\/live\/assets\/images\/2016\/04\/12\/160412115035_sara___624x351_bbc_nocredit.jpg\" alt=\"Diario\" width=\"624\" height=\"351\" data-highest-encountered-width=\"624\" \/><\/span><figcaption class=\"media-caption\"><span class=\"media-caption__text\">A Sara le encantaba escribir y dej\u00f3 registrado en sus diarios c\u00f3mo fue su lucha mental.<\/span><\/figcaption><\/figure>\n<p>Se esperaba que estuviera all\u00ed por un corto per\u00edodo de tiempo, <strong>pero permaneci\u00f3 nueve meses<\/strong>.<\/p>\n<ul class=\"story-body__unordered-list\">\n<li class=\"story-body__list-item\">Lee: \u00abCaminaba sola en una ciudad abandonada\u00bb: c\u00f3mo reconstru\u00ed mi vida sufriendo de esquizofrenia<\/li>\n<\/ul>\n<p>En su diario Sara describe lo mucho que extra\u00f1aba a su familia y el dolor de estar tan lejos de su casa.<\/p>\n<p>\u00ab<i>Quiero irme a casa. S\u00f3lo espero el momento en que mam\u00e1 y Stacey puedan visitarme porque no poder verlas me ha hecho sentir mucho peor<\/i>\u00ab.<\/p>\n<p>A pesar de los esfuerzos del sistema de salud mental, no fue posible encontrar un lugar para Sara en una cl\u00ednica m\u00e1s cerca de su casa.<\/p>\n<p>Y <strong>sus obsesiones empeoraron<\/strong> a\u00fan m\u00e1s.<\/p>\n<p>\u00ab<i>Lo que ha pasado es que ahora pienso mucho m\u00e1s en el suicidio que cuando llegu\u00e9 a este lugar. Y en este momento estos (pensamientos) son cada vez peores\u00bb<\/i>.<\/p>\n<p>En un mes Sara trat\u00f3 de estrangularse en <strong>ocho ocasiones<\/strong>.<\/p>\n<p>En marzo de 2014 Sara fue encontrada en el suelo de su habitaci\u00f3n, con un alambre utilizado para encuadernar libretas en el cuello.<\/p>\n<p>Pese a los intentos del personal y de los servicios de emergencia <strong>no fue posible revivirla<\/strong>.<\/p>\n<div id=\"ns_datapic_mundo-diarios-sara\" class=\"idt__mundo ns_datapic_quote ns_datapic_quote--mundo-diarios-sara newsspec_infographic_template\">\n<div class=\"ns_outer_wrapper ns_outer_wrapper__align-top\">\n<div class=\"ns_inner_wrapper\">\n<div class=\"ns_quote_mark\"><\/div>\n<p class=\"ns_quote ns_quote__size--medium \">Quiero decirles la verdad sobre c\u00f3mo han empeorado las cosas. No estoy bien. Por dentro estoy destrozada<\/p>\n<div class=\"ns_author \">Sara Green<\/div>\n<\/div>\n<div class=\"ns_outer_wrapper_img_src\">BBC \u00a0\u00a0La investigaci\u00f3n oficial sobre las causas de su muerte, realizada en abril de 2015, fue <strong>muy cr\u00edtica de la forma como la cl\u00ednica manej\u00f3 su caso.<\/strong><\/div>\n<\/div>\n<\/div>\n<p>El m\u00e9dico forense concluy\u00f3 que Sara no ten\u00eda la intenci\u00f3n de morir.<\/p>\n<p>Declar\u00f3 que no hab\u00eda sido un suicidio <strong>sino una autolesi\u00f3n provocada por el empeoramiento de sus ansiedades<\/strong> debido al prolongado pre\u00edodo que pas\u00f3 en una cl\u00ednica para adultos y tan lejos de su casa.<\/p>\n<figure class=\"media-landscape has-caption full-width\"><span class=\"image-and-copyright-container\"><img loading=\"lazy\" decoding=\"async\" class=\"responsive-image__img js-image-replace alignleft\" src=\"http:\/\/ichef-1.bbci.co.uk\/news\/ws\/624\/amz\/worldservice\/live\/assets\/images\/2016\/04\/12\/160412115400_untitled-2.jpg\" alt=\"Stacy\" width=\"624\" height=\"351\" data-highest-encountered-width=\"624\" \/><\/span><figcaption class=\"media-caption\"><span class=\"off-screen\">Image caption<\/span><span class=\"media-caption__text\">Su hermana Stacy ley\u00f3 fragmentos del diario para el programa Panorama de la BBC.<\/span><\/figcaption><\/figure>\n<p>La cl\u00ednica asegur\u00f3 que cambiar\u00eda sus procedimientos y aprender\u00eda las lecciones.<\/p>\n<ul class=\"story-body__unordered-list\">\n<li class=\"story-body__list-item\">Lee: El tab\u00fa que agrava el riesgo del suicidio en adolescentes<\/li>\n<\/ul>\n<p>\u00abSara estaba asustada porque sab\u00eda lo que estaba ocurriendo.\u00bb, le dijo la madre de Sara a la BBC.<\/p>\n<p>\u00abPor eso esto tan dif\u00edcil, porque ella sab\u00eda que no pod\u00eda hacer nada al respecto. Y<strong>nadie pudo hacer nada al respecto<\/strong>\u00ab.<\/p>\n<h2 class=\"story-body__crosshead\">Tratamientos especiales<\/h2>\n<p>El caso de Sara no es \u00fanico.<\/p>\n<figure class=\"media-landscape has-caption body-narrow-width\"><span class=\"image-and-copyright-container\"><img loading=\"lazy\" decoding=\"async\" class=\"responsive-image__img js-image-replace alignleft\" src=\"http:\/\/ichef-1.bbci.co.uk\/news\/ws\/304\/amz\/worldservice\/live\/assets\/images\/2016\/04\/12\/160412115446_sara___304x171_bbc.jpg\" alt=\"Sara\" width=\"304\" height=\"171\" data-highest-encountered-width=\"304\" \/><\/span><figcaption class=\"media-caption\"><span class=\"off-screen\">Image caption<\/span><span class=\"media-caption__text\">\u00abSara estaba asustada y sab\u00eda lo que le estaba ocurriendo\u00bb, le dijo su mam\u00e1 a la BBC.<\/span><\/figcaption><\/figure>\n<p>Los servicios de salud mental, tanto en Reino unido como en otros pa\u00edses, parecen <strong>estar fall\u00e1ndole a ni\u00f1os y adolescentes<\/strong>.<\/p>\n<p>Seg\u00fan Inquest, tan s\u00f3lo en Inglaterra, desde 2010 han muerto nueve j\u00f3venes mientras est\u00e1n internados en unidades de tratamiento psiqui\u00e1trico.<\/p>\n<p>El caso de Sara ha puesto de manifiesto la necesidad de crear sistemas de tratamiento dirigidos espec\u00edficamente a los j\u00f3venes, cuya vulnerabilidad es muy distinta a la de los pacientes adultos.<\/p>\n<p>Y Sara lo dej\u00f3 registrado en su diario.<\/p>\n<p><i>\u00abNo quiero ser yo&#8230; quiero ser libre&#8230; necesito un remedio para curar este dolor &#8230; s\u00e9 que sonr\u00edo, pero hace tiempo que no soy feliz\u00bb<\/i>.<\/p>\n","protected":false},"excerpt":{"rendered":"<p>Sara Green ten\u00eda 17 a\u00f1os cuando fue internada en una unidad especial de salud mental en Inglaterra. Mientras estaba all\u00ed se suicidi\u00f3. La joven ten\u00eda un largo historial de problemas de salud mental, que comenzaron cuando ten\u00eda 11 a\u00f1os. Pero le encantaba escribir y en sus diarios relat\u00f3 c\u00f3mo fue la lucha que estaba viviendo. [&hellip;]<\/p>\n","protected":false},"author":4,"featured_media":47444,"comment_status":"open","ping_status":"open","sticky":false,"template":"","format":"standard","meta":{"footnotes":""},"categories":[45],"tags":[],"class_list":["post-47443","post","type-post","status-publish","format-standard","has-post-thumbnail","hentry","category-salud"],"_links":{"self":[{"href":"https:\/\/2horizontes.com\/index.php?rest_route=\/wp\/v2\/posts\/47443","targetHints":{"allow":["GET"]}}],"collection":[{"href":"https:\/\/2horizontes.com\/index.php?rest_route=\/wp\/v2\/posts"}],"about":[{"href":"https:\/\/2horizontes.com\/index.php?rest_route=\/wp\/v2\/types\/post"}],"author":[{"embeddable":true,"href":"https:\/\/2horizontes.com\/index.php?rest_route=\/wp\/v2\/users\/4"}],"replies":[{"embeddable":true,"href":"https:\/\/2horizontes.com\/index.php?rest_route=%2Fwp%2Fv2%2Fcomments&post=47443"}],"version-history":[{"count":1,"href":"https:\/\/2horizontes.com\/index.php?rest_route=\/wp\/v2\/posts\/47443\/revisions"}],"predecessor-version":[{"id":47445,"href":"https:\/\/2horizontes.com\/index.php?rest_route=\/wp\/v2\/posts\/47443\/revisions\/47445"}],"wp:featuredmedia":[{"embeddable":true,"href":"https:\/\/2horizontes.com\/index.php?rest_route=\/wp\/v2\/media\/47444"}],"wp:attachment":[{"href":"https:\/\/2horizontes.com\/index.php?rest_route=%2Fwp%2Fv2%2Fmedia&parent=47443"}],"wp:term":[{"taxonomy":"category","embeddable":true,"href":"https:\/\/2horizontes.com\/index.php?rest_route=%2Fwp%2Fv2%2Fcategories&post=47443"},{"taxonomy":"post_tag","embeddable":true,"href":"https:\/\/2horizontes.com\/index.php?rest_route=%2Fwp%2Fv2%2Ftags&post=47443"}],"curies":[{"name":"wp","href":"https:\/\/api.w.org\/{rel}","templated":true}]}}