{"id":47416,"date":"2016-04-14T08:34:40","date_gmt":"2016-04-14T07:34:40","guid":{"rendered":"http:\/\/2horizontes.com\/?p=47416"},"modified":"2016-04-14T08:34:40","modified_gmt":"2016-04-14T07:34:40","slug":"el-misterioso-estafador-que-actua-de-noche-en-lleida","status":"publish","type":"post","link":"https:\/\/2horizontes.com\/?p=47416","title":{"rendered":"El misterioso estafador que act\u00faa de noche en Lleida"},"content":{"rendered":"<p>Joan Balcells. As\u00ed se hace llamar la persona que ha puesto en alerta a los leridanos, a la Polic\u00eda Local y a los Mossos d\u2019Esquadra. Se trata de un hombre de entre 35 y 45 a\u00f1os, bajito, con sobrepeso, rubio, con barba, que acostumbra a vestir con camisa y cazadora negras, tejanos y zapatos oscuros, y que se hace pasar por conocido de sus v\u00edctimas para acabar obteniendo algo de dinero de ellas.<\/p>\n<p>La voz de alarma la dio Ferran Grau, periodista de 34 a\u00f1os, que el pasado s\u00e1bado 26 de marzo por la noche tuvo la mala suerte de cruzarse con el supuesto Joan Balcells en una zona c\u00e9ntrica de Lleida. Su curioso encuentro lo relatar\u00eda posteriormente a trav\u00e9s de una carta publicada en El Segre y La Vanguardia.<\/p>\n<p>Ferran caminaba de regreso a casa, hacia las 23.15 de la noche, cuando de repente oy\u00f3 que alguien le llamaba por su nombre. Era el tal Joan Balcells, que parec\u00eda muy emocionado, a la vez que nervioso, de haberse encontrado con el joven periodista. Enseguida hizo el amago de abrazarle, a lo que Ferran respondi\u00f3 apart\u00e1ndose un poco de \u00e9l.<\/p>\n<p>\u201c\u00bfQue no te acuerdas de mi?\u201d, le espet\u00f3 enseguida el presunto estafador. \u201cPerdona, pero ahora mismo no te recuerdo\u201d, le respondi\u00f3 Ferran, seg\u00fan relata \u00e9l mismo a La Vanguardia. A partir de ah\u00ed empez\u00f3 la perorata y la actuaci\u00f3n del misterioso personaje.<\/p>\n<p>Le explic\u00f3 que hab\u00edan sido compa\u00f1eros de Primaria. Incluso le cit\u00f3 nombres de alumnos de clase de la \u00e9poca, informaci\u00f3n que Ferran no tiene publicada en ninguna red social.<\/p>\n<p>Tambi\u00e9n le relat\u00f3 que se acordaba de su padre, que era profesor de la escuela en donde ambos supuestamente hab\u00edan coincidido, el Col\u2022legi Episcopal Mare de D\u00e9u de l\u2019Acad\u00e8mia de Lleida.<\/p>\n<p>A pesar de los datos facilitados, el periodista segu\u00eda sin acordarse de su interlocutor, que en todo momento hablaba con gran emoci\u00f3n, rememorando supuestos tiempos pasados.<\/p>\n<p>Pero en un momento concreto, la conversaci\u00f3n experiment\u00f3 un giro inesperado. El tal Balcells empez\u00f3 a explicar que estaba desesperado, que su padre hab\u00eda estado ingresado en el Arnau de Vilanova (el hospital de Lleida) porque hab\u00eda sufrido un ictus hac\u00eda unos d\u00edas, y que esa misma tarde lo hab\u00edan trasladado al Vall d\u2019Hebron.<\/p>\n<p>A\u00f1adi\u00f3 que en ese momento no llevaba ni el m\u00f3vil ni dinero encima, que hab\u00eda dejado a su mujer al cuidado de sus gemelos en Torrefarrera (una poblaci\u00f3n a 15 km de Lleida donde, supuestamente, resid\u00eda) y que necesitaba 40 euros para coger un tren a Barcelona. \u201c\u00bfMe los puedes prestar?\u201d, inquiri\u00f3 de sopet\u00f3n.<\/p>\n<p>En un primer instante, Ferran se neg\u00f3 en redondo. \u201cLe repet\u00ed que no me acordaba de \u00e9l y que no podr\u00eda prestarle el dinero\u201d, relata. Pero el presunto estafador continu\u00f3 apelando a los sentimientos del periodista, que finalmente cedi\u00f3 a la petici\u00f3n. Le dio dos billetes de 20 euros, \u201cque era todo lo que llevaba encima\u201d, rememora. Balcells le agradeci\u00f3 el gesto dici\u00e9ndole, con los ojos empapados en l\u00e1grimas, que \u201chab\u00eda ca\u00eddo del cielo como un \u00e1ngel\u201d.<\/p>\n<p>Tras obtener el peque\u00f1o bot\u00edn, Balcells dio por finalizada la conversaci\u00f3n no sin antes haberle dado un n\u00famero de tel\u00e9fono al periodista dici\u00e9ndole que le llamara en unos d\u00edas para que ambos se volvieran a ver y devolverle as\u00ed el dinero.<\/p>\n<p>Fue precisamente en ese instante cuando Ferran empez\u00f3 a darse cuenta de que seguramente estaba siendo objeto de un timo. Y es que el tal Balcells, en lugar de encaminarse hacia la estaci\u00f3n, tom\u00f3 la direcci\u00f3n contraria. Ferran decidi\u00f3 seguirle. Segundos despu\u00e9s, el presunto estafador advirti\u00f3 la presencia del periodista y retrocedi\u00f3 hacia \u00e9l.<\/p>\n<p>\u201c\u00bfSucede algo?\u201d, le pregunt\u00f3, a lo que Ferran contest\u00f3 que esperaba que no le estuviera tomando el pelo porque la estaci\u00f3n estaba hacia el otro lado. Balcells respondi\u00f3 r\u00e1pidamente que se hab\u00eda equivocado, \u201cque los nervios le hab\u00edan jugado una mala pasada\u201d. Y se despidieron.<\/p>\n<p>Sab\u00eda por d\u00f3nde me muevo, y eso que voy poco por Lleida. Es incre\u00edble<\/p>\n<p>Ferran Grau<br \/>\nPeriodista y v\u00edctima del estafador<br \/>\nHoras m\u00e1s tarde el periodista comprobar\u00eda, a trav\u00e9s del archivo del colegio que ten\u00eda su padre en casa, que no hab\u00eda ning\u00fan Joan Balcells en su clase de Primaria, ni tampoco en cursos anteriores y posteriores.<\/p>\n<p>Tambi\u00e9n se dio cuenta de que el n\u00famero de m\u00f3vil que le hab\u00eda facilitado el presunto estafador era falso. Esta redacci\u00f3n ha llamado a dicho n\u00famero sin obtener respuesta, a pesar de que \u00e9ste existe y da tono. A Ferran, m\u00e1s que el dinero perdido, le preocupa que el tal Balcells supiera tantos datos biogr\u00e1ficos de \u00e9l. \u201cSab\u00eda por d\u00f3nde me muevo, y eso que voy poco por Lleida\u201d, reflexiona. \u201cEs incre\u00edble\u201d, remata.<\/p>\n<p>Otros afectados<\/p>\n<p>Lo m\u00e1s curioso del caso es que gracias a la carta publicada en El Segre, dos personas se han puesto en contacto con Ferran argumentando que han vivido una experiencia similar. Es el caso de Jordi Gin\u00e9, que tuvo la mala fortuna de convertirse en objetivo del misterioso personaje una semana antes de que Ferran se topara con \u00e9l.<\/p>\n<p>El encuentro tambi\u00e9n tuvo lugar en el centro de Lleida, en la calle Torres de Sanui, a unos 100 metros de donde coincidir\u00edan siete d\u00edas despu\u00e9s el tal Balcells y el periodista, y tambi\u00e9n de noche. Y el modus operandi fue el mismo, incluso el presunto estafador vest\u00eda las mismas prendas.<\/p>\n<p>A Jordi le dijo que era familiar de Josep Balcells, un hombre que en esos d\u00edas estaba instalando el aire acondicionado en el local que este leridano acababa de alquilar. \u201cEstaba muy emocionado, intent\u00f3 abrazarme desde el primer momento\u201d, explica Jordi a La Vanguardia.<\/p>\n<p>En un momento de la conversaci\u00f3n, el presunto estafador relat\u00f3 la historia de su padre enfermo. \u201cMe dijo que hab\u00eda tenido un ictus\u201d. Incluso le explic\u00f3 que le quedaban \u201cpocas horas de vida\u201d. A Jordi le impact\u00f3 la historia del ictus ya que su padre hab\u00eda sufrido uno hac\u00eda poco tiempo. \u201cY \u00e9l conoc\u00eda el nombre de pila de mi padre.<\/p>\n<p>No paraba de decir qu\u00e9 gran persona que era, que lo quer\u00eda mucho\u201d. Al final el tal Balcells acab\u00f3 pidiendo dinero a Jordi para coger un taxi a Barcelona, y \u00e9ste le dio un billete de 20 euros. \u201cCuando llegu\u00e9 a casa, despert\u00e9 a mi mujer y le dije que cre\u00eda que me hab\u00edan estafado 20 euros sin casi darme cuenta\u201d, recuerda.<\/p>\n","protected":false},"excerpt":{"rendered":"<p>Joan Balcells. As\u00ed se hace llamar la persona que ha puesto en alerta a los leridanos, a la Polic\u00eda Local y a los Mossos d\u2019Esquadra. Se trata de un hombre de entre 35 y 45 a\u00f1os, bajito, con sobrepeso, rubio, con barba, que acostumbra a vestir con camisa y cazadora negras, tejanos y zapatos oscuros, [&hellip;]<\/p>\n","protected":false},"author":3,"featured_media":47417,"comment_status":"open","ping_status":"open","sticky":false,"template":"","format":"standard","meta":{"footnotes":""},"categories":[85],"tags":[],"class_list":["post-47416","post","type-post","status-publish","format-standard","has-post-thumbnail","hentry","category-espana"],"_links":{"self":[{"href":"https:\/\/2horizontes.com\/index.php?rest_route=\/wp\/v2\/posts\/47416","targetHints":{"allow":["GET"]}}],"collection":[{"href":"https:\/\/2horizontes.com\/index.php?rest_route=\/wp\/v2\/posts"}],"about":[{"href":"https:\/\/2horizontes.com\/index.php?rest_route=\/wp\/v2\/types\/post"}],"author":[{"embeddable":true,"href":"https:\/\/2horizontes.com\/index.php?rest_route=\/wp\/v2\/users\/3"}],"replies":[{"embeddable":true,"href":"https:\/\/2horizontes.com\/index.php?rest_route=%2Fwp%2Fv2%2Fcomments&post=47416"}],"version-history":[{"count":1,"href":"https:\/\/2horizontes.com\/index.php?rest_route=\/wp\/v2\/posts\/47416\/revisions"}],"predecessor-version":[{"id":47418,"href":"https:\/\/2horizontes.com\/index.php?rest_route=\/wp\/v2\/posts\/47416\/revisions\/47418"}],"wp:featuredmedia":[{"embeddable":true,"href":"https:\/\/2horizontes.com\/index.php?rest_route=\/wp\/v2\/media\/47417"}],"wp:attachment":[{"href":"https:\/\/2horizontes.com\/index.php?rest_route=%2Fwp%2Fv2%2Fmedia&parent=47416"}],"wp:term":[{"taxonomy":"category","embeddable":true,"href":"https:\/\/2horizontes.com\/index.php?rest_route=%2Fwp%2Fv2%2Fcategories&post=47416"},{"taxonomy":"post_tag","embeddable":true,"href":"https:\/\/2horizontes.com\/index.php?rest_route=%2Fwp%2Fv2%2Ftags&post=47416"}],"curies":[{"name":"wp","href":"https:\/\/api.w.org\/{rel}","templated":true}]}}