{"id":47252,"date":"2016-04-12T22:03:13","date_gmt":"2016-04-12T21:03:13","guid":{"rendered":"http:\/\/2horizontes.com\/?p=47252"},"modified":"2016-04-12T22:03:13","modified_gmt":"2016-04-12T21:03:13","slug":"la-onu-inicia-sus-primeras-audiencias-para-elegir-nuevo-secretario-general","status":"publish","type":"post","link":"https:\/\/2horizontes.com\/?p=47252","title":{"rendered":"La ONU inicia sus primeras audiencias para elegir nuevo secretario general"},"content":{"rendered":"<div id=\"ArticleAuthorDiv\" class=\"article-body-author\"><b>EFE<\/b><\/div>\n<div id=\"ArticleSourceDiv\" class=\"article-body-author\"><b>Naciones Unidas<\/b><\/div>\n<div id=\"ArticleBody\">\n<p>La campa\u00f1a por la Secretar\u00eda General de la ONU arranc\u00f3 hoy oficialmente con la comparecencia de los primeros candidatos ante la Asamblea General, una serie de entrevistas sin precedentes con las que la organizaci\u00f3n quiere dar transparencia a un proceso marcado hasta ahora por el secretismo.<\/p>\n<p>El ex primer ministro de Montenegro y actual responsable de Exteriores del pa\u00eds, Igor Luksic, abri\u00f3 el fuego y se someti\u00f3 durante dos horas a las preguntas de los Estados miembros y a un pu\u00f1ado de cuestiones remitidas por la ciudadan\u00eda a trav\u00e9s de internet.<\/p>\n<p>Tras \u00e9l, comparecen hoy la directora general de la Unesco, la b\u00falgara Irina Bokova, y el portugu\u00e9s Antonio Guterres, antiguo alto comisionado de Naciones Unidas para los Refugiados (Acnur).<\/p>\n<p>Los otros cinco candidatos propuestos hasta ahora pasar\u00e1n su examen entre ma\u00f1ana y el jueves, aunque no se descarta que m\u00e1s adelante puedan aparecer nuevos aspirantes.<\/p>\n<p>Luksic llam\u00f3 la atenci\u00f3n sobre los conflictos que afectan a distintas regiones y defendi\u00f3 la necesidad de mejorar los esfuerzos de prevenci\u00f3n y de resoluci\u00f3n de crisis desde el \u00e1mbito internacional.<\/p>\n<p>\u00abTenemos que reinventar el multilateralismo a trav\u00e9s de los principios de responsabilidad, inclusividad y compromiso\u00bb, subray\u00f3.<\/p>\n<p>En ese sentido, plante\u00f3 varias reformas para lograr una ONU m\u00e1s relevante y eficiente, aunque dej\u00f3 claro que no pretende \u00abvolver a inventar la rueda\u00bb, sino sobre todo optimizar recursos y adaptar la organizaci\u00f3n a la realidad del siglo XXI.<\/p>\n<p>Luksic, el m\u00e1s joven de los candidatos, con 39 a\u00f1os, defendi\u00f3 adem\u00e1s su experiencia internacional y quiso aportar una visi\u00f3n optimista del mundo.<\/p>\n<p>Con muchos pa\u00edses defendiendo que sea una mujer quien ocupe por primera vez la Secretar\u00eda General, el pol\u00edtico montenegrino se mostr\u00f3 de acuerdo en impulsar la igualdad de g\u00e9nero en las m\u00e1s altas instancias de la ONU.<\/p>\n<p>As\u00ed, dijo que si es elegido quiere que el puesto de subsecretario general vaya a parar a una mujer, que adem\u00e1s proceda del hemisferio sur para garantizar una mayor representaci\u00f3n geogr\u00e1fica.<\/p>\n<p>Con ese fin, tambi\u00e9n plante\u00f3 la posibilidad de que ese n\u00famero dos de la organizaci\u00f3n tenga su oficina en Nairobi y no en Nueva York, donde la ONU tiene su cuartel general.<\/p>\n<p>El novedoso proceso de entrevistas a los candidatos pretende introducir m\u00e1s transparencia en la elecci\u00f3n del pr\u00f3ximo secretario general, que suceder\u00e1 a Ban Ki-moon a partir del pr\u00f3ximo a\u00f1o.<\/p>\n<p>El nombramiento corresponde a la Asamblea General, que votar\u00e1 este oto\u00f1o, pero el control sigue estando en manos de las potencias del Consejo de Seguridad, que ser\u00e1n quienes propongan un nombre para su ratificaci\u00f3n al resto de Estados miembros.<\/p>\n<\/div>\n","protected":false},"excerpt":{"rendered":"<p>EFE Naciones Unidas La campa\u00f1a por la Secretar\u00eda General de la ONU arranc\u00f3 hoy oficialmente con la comparecencia de los primeros candidatos ante la Asamblea General, una serie de entrevistas sin precedentes con las que la organizaci\u00f3n quiere dar transparencia a un proceso marcado hasta ahora por el secretismo. El ex primer ministro de Montenegro [&hellip;]<\/p>\n","protected":false},"author":7,"featured_media":47253,"comment_status":"open","ping_status":"open","sticky":false,"template":"","format":"standard","meta":{"footnotes":""},"categories":[40,43],"tags":[],"class_list":["post-47252","post","type-post","status-publish","format-standard","has-post-thumbnail","hentry","category-internacionales","category-politica"],"_links":{"self":[{"href":"https:\/\/2horizontes.com\/index.php?rest_route=\/wp\/v2\/posts\/47252","targetHints":{"allow":["GET"]}}],"collection":[{"href":"https:\/\/2horizontes.com\/index.php?rest_route=\/wp\/v2\/posts"}],"about":[{"href":"https:\/\/2horizontes.com\/index.php?rest_route=\/wp\/v2\/types\/post"}],"author":[{"embeddable":true,"href":"https:\/\/2horizontes.com\/index.php?rest_route=\/wp\/v2\/users\/7"}],"replies":[{"embeddable":true,"href":"https:\/\/2horizontes.com\/index.php?rest_route=%2Fwp%2Fv2%2Fcomments&post=47252"}],"version-history":[{"count":1,"href":"https:\/\/2horizontes.com\/index.php?rest_route=\/wp\/v2\/posts\/47252\/revisions"}],"predecessor-version":[{"id":47254,"href":"https:\/\/2horizontes.com\/index.php?rest_route=\/wp\/v2\/posts\/47252\/revisions\/47254"}],"wp:featuredmedia":[{"embeddable":true,"href":"https:\/\/2horizontes.com\/index.php?rest_route=\/wp\/v2\/media\/47253"}],"wp:attachment":[{"href":"https:\/\/2horizontes.com\/index.php?rest_route=%2Fwp%2Fv2%2Fmedia&parent=47252"}],"wp:term":[{"taxonomy":"category","embeddable":true,"href":"https:\/\/2horizontes.com\/index.php?rest_route=%2Fwp%2Fv2%2Fcategories&post=47252"},{"taxonomy":"post_tag","embeddable":true,"href":"https:\/\/2horizontes.com\/index.php?rest_route=%2Fwp%2Fv2%2Ftags&post=47252"}],"curies":[{"name":"wp","href":"https:\/\/api.w.org\/{rel}","templated":true}]}}