{"id":47227,"date":"2016-04-12T17:47:22","date_gmt":"2016-04-12T16:47:22","guid":{"rendered":"http:\/\/2horizontes.com\/?p=47227"},"modified":"2016-04-12T17:47:22","modified_gmt":"2016-04-12T16:47:22","slug":"muere-un-hombre-en-un-accidente-de-moto-en-rupit-i-pruit","status":"publish","type":"post","link":"https:\/\/2horizontes.com\/?p=47227","title":{"rendered":"Muere un hombre en un accidente de moto en Rupit i Pruit"},"content":{"rendered":"<p>Un hombre de 48 a\u00f1os y vecino de Manlleu (Barcelona) ha muerto este domingo en un accidente de moto en el kil\u00f3metro 34,1 de la C-153 a la altura de Rupit i Pruit, en la comarca de Osona, ha informado el Servei Catal\u00e0 de Tr\u00e0nsit (SCT) en un comunicado.<\/p>\n<p>Los Mossos d&#8217;Esquadra han recibido el aviso del accidente a las 12.32 horas, y hasta el lugar de los hechos se han trasladado cuatro patrullas de los Mossos, una dotaci\u00f3n de Bomberos de la Generalitat y un helic\u00f3ptero y una ambulancia del Sistema d&#8217;Emerg\u00e8ncies M\u00e8diques (SEM).<\/p>\n<p>En el accidente, que se ha producido por causas que a\u00fan se investigan, tambi\u00e9n se ha visto implicado un turismo, ha terminado con la ca\u00edda en la calzada del conductor y \u00fanico ocupante de la moto, lo que ha provocado su muerte.<\/p>\n","protected":false},"excerpt":{"rendered":"<p>Un hombre de 48 a\u00f1os y vecino de Manlleu (Barcelona) ha muerto este domingo en un accidente de moto en el kil\u00f3metro 34,1 de la C-153 a la altura de Rupit i Pruit, en la comarca de Osona, ha informado el Servei Catal\u00e0 de Tr\u00e0nsit (SCT) en un comunicado. Los Mossos d&#8217;Esquadra han recibido el [&hellip;]<\/p>\n","protected":false},"author":3,"featured_media":47228,"comment_status":"open","ping_status":"open","sticky":false,"template":"","format":"standard","meta":{"footnotes":""},"categories":[85],"tags":[],"class_list":["post-47227","post","type-post","status-publish","format-standard","has-post-thumbnail","hentry","category-espana"],"_links":{"self":[{"href":"https:\/\/2horizontes.com\/index.php?rest_route=\/wp\/v2\/posts\/47227","targetHints":{"allow":["GET"]}}],"collection":[{"href":"https:\/\/2horizontes.com\/index.php?rest_route=\/wp\/v2\/posts"}],"about":[{"href":"https:\/\/2horizontes.com\/index.php?rest_route=\/wp\/v2\/types\/post"}],"author":[{"embeddable":true,"href":"https:\/\/2horizontes.com\/index.php?rest_route=\/wp\/v2\/users\/3"}],"replies":[{"embeddable":true,"href":"https:\/\/2horizontes.com\/index.php?rest_route=%2Fwp%2Fv2%2Fcomments&post=47227"}],"version-history":[{"count":1,"href":"https:\/\/2horizontes.com\/index.php?rest_route=\/wp\/v2\/posts\/47227\/revisions"}],"predecessor-version":[{"id":47229,"href":"https:\/\/2horizontes.com\/index.php?rest_route=\/wp\/v2\/posts\/47227\/revisions\/47229"}],"wp:featuredmedia":[{"embeddable":true,"href":"https:\/\/2horizontes.com\/index.php?rest_route=\/wp\/v2\/media\/47228"}],"wp:attachment":[{"href":"https:\/\/2horizontes.com\/index.php?rest_route=%2Fwp%2Fv2%2Fmedia&parent=47227"}],"wp:term":[{"taxonomy":"category","embeddable":true,"href":"https:\/\/2horizontes.com\/index.php?rest_route=%2Fwp%2Fv2%2Fcategories&post=47227"},{"taxonomy":"post_tag","embeddable":true,"href":"https:\/\/2horizontes.com\/index.php?rest_route=%2Fwp%2Fv2%2Ftags&post=47227"}],"curies":[{"name":"wp","href":"https:\/\/api.w.org\/{rel}","templated":true}]}}