{"id":47205,"date":"2016-04-12T16:18:31","date_gmt":"2016-04-12T15:18:31","guid":{"rendered":"http:\/\/2horizontes.com\/?p=47205"},"modified":"2016-04-12T16:18:31","modified_gmt":"2016-04-12T15:18:31","slug":"de-que-acusan-exactamente-a-dilma-rousseff-en-el-congreso-de-brasil-y-no-es-corrupcion","status":"publish","type":"post","link":"https:\/\/2horizontes.com\/?p=47205","title":{"rendered":"De qu\u00e9 acusan exactamente a Dilma Rousseff en el Congreso de Brasil (y no es corrupci\u00f3n)"},"content":{"rendered":"<p class=\"story-body__introduction\">En Brasil, hay acusaciones de todo tipo contra pol\u00edticos: desde recibir suculentos sobornos u ocultar cuentas bancarias en el exterior, hasta planear la fuga del pa\u00eds de un preso en un avi\u00f3n particular.<\/p>\n<p>Luego est\u00e1 el proceso para destituir en un juicio pol\u00edtico a la presidenta brasile\u00f1a, Dilma Rousseff, que este lunes fue respaldado por una comisi\u00f3n de Diputados.<\/p>\n<ul class=\"story-body__unordered-list\">\n<li class=\"story-body__list-item\">C\u00f3mo sigue ahora el proceso para destituir a la presidenta<\/li>\n<\/ul>\n<p>El informe de la comisi\u00f3n, que en los pr\u00f3ximos d\u00edas tendr\u00e1 que aprobar o rechazar el plenario de Diputados, afirma que hay indicios de que la presidenta cometi\u00f3 cr\u00edmenes \u00abde responsabilidad\u00bb.<\/p>\n<p>Pero la principal acusaci\u00f3n que podr\u00eda costarle el cargo a Rousseff<strong> no es exactamente por el dantesco esc\u00e1ndalo de sobornos en Petrobras<\/strong>, que salpica a su gobierno y a la clase pol\u00edtica brasile\u00f1a en general.<\/p>\n<ul class=\"story-body__unordered-list\">\n<li class=\"story-body__list-item\">Una gasolinera y un regalo misterioso: as\u00ed empez\u00f3 el esc\u00e1ndalo que asedia al gobierno de Brasil<\/li>\n<\/ul>\n<p><strong>Tampoco se basa en los se\u00f1alamientos de que la campa\u00f1a de reelecci\u00f3n presidencial en 2014 recibi\u00f3 dinero desviado de la petrolera estatal y de grandes obras p\u00fablicas<\/strong>, como se ha reportado que admitieron exejecutivos de la constructora Andrade Gutierrez ante los fiscales.<\/p>\n<p>\u00bfQuiz\u00e1 la denuncia se apoye en el testimonio de Delc\u00eddio do Amaral, quien tras ir preso siendo el principal senador del oficialismo acus\u00f3 a Rousseff de intentar liberar empresarios involucrados en el caso Petrobras, nombrando a un alto magistrado?<\/p>\n<p>Pues no.<\/p>\n<p><strong>La acusaci\u00f3n central contra Rousseff en el Congreso es que viol\u00f3 normas fiscales, maquillando el d\u00e9ficit presupuestal<\/strong>.<\/p>\n<p>Y ha causado una gran fisura en Brasil,<strong> separando a quienes creen que ser\u00eda justo destituir a la presidenta por algo as\u00ed de quienes sostienen que ser\u00eda una injusticia o hasta un golpe de Estado.<\/strong><\/p>\n<p>La tensi\u00f3n que genera este tema fue evidente en el voto de la comisi\u00f3n este lunes, con fuertes acusaciones entre los diputados, gritos y desorden a la hora de la votaci\u00f3n.<\/p>\n<p>\u00abLo que est\u00e1 en juego no es s\u00f3lo una cuesti\u00f3n legal, sino de estrategia pol\u00edtica de los actores involucrados\u00bb, dijo Carlos Pereira, polit\u00f3logo de la Fundaci\u00f3n Getulio Vargas, una universidad brasile\u00f1a de \u00e9lite, en declaraciones a BBC Mundo.<\/p>\n<h2 class=\"story-body__crosshead\">La denuncia<\/h2>\n<p>El pedido de <i>impeachment<\/i> a la presidenta lleg\u00f3 al Congreso en octubre, con la firma de tres juristas. Uno de ellos, H\u00e9lio Bicudo, tiene 93 a\u00f1os y fue fundador del Partido de los Trabajadores (PT) de Rousseff.<\/p>\n<p>D\u00edas despu\u00e9s de formular la denuncia, Bicudo dijo a BBC Mundo que la presidenta hab\u00eda cometido una serie de actos \u00aben el sentido de violar la legislaci\u00f3n respecto a la salud fiscal del pa\u00eds, dando la impresi\u00f3n de que todo estaba bien\u00bb.<\/p>\n<p><strong>La denuncia alude en particular a lo que en Brasil se denominan \u00ab<i>pedaladas<\/i> fiscales\u00bb, que implican el uso de fondos de bancos p\u00fablicos para cubrir programas de responsabilidad del gobierno<\/strong>.<\/p>\n<p><strong>El argumento es que esa pr\u00e1ctica est\u00e1 prohibida por una ley de Responsabilidad Fiscal<\/strong>, pero el gobierno lo hizo de todos modos para exhibir mayor equilibrio entre ingresos y gastos.<\/p>\n<p>Por eso mismo, el Tribunal de Cuentas brasile\u00f1o rechaz\u00f3 las cuentas de la administraci\u00f3n de Rousseff en 2014, a\u00f1o en que fue reelecta por escaso margen.<\/p>\n<p>Aunque esas maniobras contables fueron usadas por gobiernos anteriores, hay datos oficiales que indican que se volvieron mucho m\u00e1s frecuentes durante la gesti\u00f3n de Rousseff.<\/p>\n<p>Los denunciantes sostienen adem\u00e1s que las irregularidades continuaron en 2015, algo clave ya que <strong>varios juristas creen que la presidenta s\u00f3lo puede ser juzgada por delitos cometidos en su actual mandato.<\/strong><\/p>\n<h2 class=\"story-body__crosshead\">La defensa<\/h2>\n<p>Rousseff, que nunca ha sido acusada de enriquecimiento il\u00edcito, <strong>niega haber cometido el crimen de responsabilidad que le atribuye la oposici\u00f3n<\/strong> o delito alguno que vuelva legal el juicio pol\u00edtico.<\/p>\n<p>\u00ab\u00bf<i>Impeachment<\/i> sin crimen de responsabilidad qu\u00e9 es?<strong> Es golpe<\/strong>\u00ab, sostuvo d\u00edas atr\u00e1s la exguerrillera izquierdista de 68 a\u00f1os que en 2011 asumi\u00f3 como la primera presidenta mujer de Brasil.<\/p>\n<p>Su defensa en el Congreso neg\u00f3 adem\u00e1s que alguno de los actos denunciados haya sido firmado por Rousseff y afirm\u00f3 que desde que fue reelecta sus opositores buscan una forma de terminar su mandato.<\/p>\n<p>Tambi\u00e9n aleg\u00f3 que, al aceptar la denuncia contra la mandataria, el presidente de Diputados, Eduardo Cunha, actu\u00f3 por \u00abvenganza\u00bb. Cunha enfrenta varias denuncias de corrupci\u00f3n, incluido el cobro de sobornos y ocultamiento de cuentas en el exterior.<\/p>\n<p>La presidenta recibi\u00f3 este mes el apoyo del secretario general de la Organizaci\u00f3n de Estados Americanos (OEA), el excanciller uruguayo Luis Almagro.<\/p>\n<p>\u00abSi hubiera una acusaci\u00f3n (contra Rousseff) bien fundada, como la ha habido en otros casos en Brasil, entonces perfecto, se va por ese camino. Pero hoy eso no existe, y es muy deshonesto plantearlo en estos t\u00e9rminos\u00bb, sostuvo Almagro.<\/p>\n<h2 class=\"story-body__crosshead\">El informe<\/h2>\n<p>En cambio, la comisi\u00f3n de Diputados que analiz\u00f3 el pedido de <i>impeachment <\/i>se pronunci\u00f3 este lunes a favor de abrir el proceso contra Rousseff, afirmando que los hechos denunciados contribuyeron a \u00abuna crisis fiscal sin precedentes\u00bb en el pa\u00eds.<\/p>\n<p>Redactado por el diputado Jovair Arantes y aprobado en la comisi\u00f3n con 38 votos a favor y 27 en contra, el informe sostiene que <strong>la denuncia apunta a una \u00abusurpaci\u00f3n\u00bb de la prerrogativa del Congreso de autorizar gastos p\u00fablicos.<\/strong><\/p>\n<p>\u00abTales actos revelan serios indicios de grav\u00edsimos y sistem\u00e1ticos atentados a la Constituci\u00f3n\u00bb, sostuvo.<\/p>\n<p>Aunque la denuncia original contra Rousseff asocia los problemas fiscales del gobierno con el esc\u00e1ndalo en Petrobras, Arantes evit\u00f3 considerar ese argumento.<\/p>\n<p>Y la justicia rechaz\u00f3 un pedido para anexar a la denuncia la acusaci\u00f3n que le hizo a la mandataria el senador Amaral, tras ser detenido por planear la fuga en avi\u00f3n de un exdirector de Petrobras preso.<\/p>\n<p>Ahora <strong>corresponde al Congreso definir la suerte de Rousseff<\/strong>, en un proceso que mezcla ingredientes jur\u00eddicos con pol\u00edticos en medio de una feroz recesi\u00f3n.<\/p>\n<p>Si al menos dos tercios de los diputados apoyan el juicio pol\u00edtico, el Senado deber\u00e1 decidir por mayor\u00eda simple si lo abre y obliga a Rousseff a apartarse del cargo por hasta 180 d\u00edas mientras la juzga.<\/p>\n<h2 class=\"story-body__crosshead\">\u00abJuego abierto\u00bb<\/h2>\n<p>El polit\u00f3logo Pereira sostuvo que si esta denuncia naufragase, el presidente de Diputados podr\u00eda activar otra de las nueve que ha recibido contra la mandataria, como el propio Cunha ha insinuado que har\u00eda.<\/p>\n<p>Pero intentar juzgar en el Congreso a Rousseff por presunto financiamiento il\u00edcito de su campa\u00f1a implicar\u00eda riesgos para el partido de Cunha, el PMDB, que rompi\u00f3 con el gobierno d\u00edas atr\u00e1s.<\/p>\n<p>El vicepresidente Michel Temer, primero en la l\u00ednea de sucesi\u00f3n de Rousseff, pertenece a ese partido y podr\u00eda caer junto con ella, ya que la campa\u00f1a involucr\u00f3 a ambos. El m\u00e1ximo tribunal electoral ya analiza denuncias opositoras sobre esto.<\/p>\n<p>Algunos creen que por eso Cunha opt\u00f3 primero por la denuncia que Diputados votar\u00e1 probablemente el pr\u00f3ximo domingo 17 o lunes 18.<\/p>\n<p>Un ministro del Supremo determin\u00f3 la semana pasada que Diputados debe instalar otra comisi\u00f3n para analizar un eventual <i>impeachment<\/i> contra Temer, porque tambi\u00e9n habr\u00eda autorizado \u00ab<i>pedaladas<\/i> fiscales\u00bb.<\/p>\n<p>La cuesti\u00f3n ir\u00e1 al plenario del Supremo.<\/p>\n<p>Una encuesta de la firma Datafolha mostr\u00f3 el domingo que aproximadamente <strong>tres de cada cinco brasile\u00f1os apoyan la apertura de juicios pol\u00edticos a Rousseff y Temer<\/strong>, o la renuncia de ambos.<\/p>\n<p>Pero el respaldo al <i>impeachment<\/i> de la presidenta cay\u00f3 de 68% el mes pasado a 61% actual, seg\u00fan el mismo sondeo.<\/p>\n<p>Con decenas de diputados indefinidos, y reportes de que ambos lados intentan conquistar apoyos con promesas de cargos o proyectos, el resultado de la denuncia contra Rousseff en el Congreso es incierto.<\/p>\n<p>\u00abHasta el d\u00eda de la votaci\u00f3n (en el plenario de Diputados) nadie va a tener una idea clara de qui\u00e9n ser\u00e1 el vencedor\u00bb, dijo Pereira. \u00abEl juego est\u00e1 abierto\u00bb.<\/p>\n<p>BBC<\/p>\n","protected":false},"excerpt":{"rendered":"<p>En Brasil, hay acusaciones de todo tipo contra pol\u00edticos: desde recibir suculentos sobornos u ocultar cuentas bancarias en el exterior, hasta planear la fuga del pa\u00eds de un preso en un avi\u00f3n particular. Luego est\u00e1 el proceso para destituir en un juicio pol\u00edtico a la presidenta brasile\u00f1a, Dilma Rousseff, que este lunes fue respaldado por [&hellip;]<\/p>\n","protected":false},"author":13240,"featured_media":47210,"comment_status":"open","ping_status":"open","sticky":false,"template":"","format":"standard","meta":{"footnotes":""},"categories":[40,43,83],"tags":[],"class_list":["post-47205","post","type-post","status-publish","format-standard","has-post-thumbnail","hentry","category-internacionales","category-politica","category-reportajes"],"_links":{"self":[{"href":"https:\/\/2horizontes.com\/index.php?rest_route=\/wp\/v2\/posts\/47205","targetHints":{"allow":["GET"]}}],"collection":[{"href":"https:\/\/2horizontes.com\/index.php?rest_route=\/wp\/v2\/posts"}],"about":[{"href":"https:\/\/2horizontes.com\/index.php?rest_route=\/wp\/v2\/types\/post"}],"author":[{"embeddable":true,"href":"https:\/\/2horizontes.com\/index.php?rest_route=\/wp\/v2\/users\/13240"}],"replies":[{"embeddable":true,"href":"https:\/\/2horizontes.com\/index.php?rest_route=%2Fwp%2Fv2%2Fcomments&post=47205"}],"version-history":[{"count":1,"href":"https:\/\/2horizontes.com\/index.php?rest_route=\/wp\/v2\/posts\/47205\/revisions"}],"predecessor-version":[{"id":47211,"href":"https:\/\/2horizontes.com\/index.php?rest_route=\/wp\/v2\/posts\/47205\/revisions\/47211"}],"wp:featuredmedia":[{"embeddable":true,"href":"https:\/\/2horizontes.com\/index.php?rest_route=\/wp\/v2\/media\/47210"}],"wp:attachment":[{"href":"https:\/\/2horizontes.com\/index.php?rest_route=%2Fwp%2Fv2%2Fmedia&parent=47205"}],"wp:term":[{"taxonomy":"category","embeddable":true,"href":"https:\/\/2horizontes.com\/index.php?rest_route=%2Fwp%2Fv2%2Fcategories&post=47205"},{"taxonomy":"post_tag","embeddable":true,"href":"https:\/\/2horizontes.com\/index.php?rest_route=%2Fwp%2Fv2%2Ftags&post=47205"}],"curies":[{"name":"wp","href":"https:\/\/api.w.org\/{rel}","templated":true}]}}