{"id":47158,"date":"2016-04-12T10:59:38","date_gmt":"2016-04-12T09:59:38","guid":{"rendered":"http:\/\/2horizontes.com\/?p=47158"},"modified":"2016-04-12T10:59:38","modified_gmt":"2016-04-12T09:59:38","slug":"el-periodista-ignacio-gutierrez-demanda-a-chv-por-discriminacion-lgtb","status":"publish","type":"post","link":"https:\/\/2horizontes.com\/?p=47158","title":{"rendered":"El periodista Ignacio Gutierrez demanda a CHV por discriminaci\u00f3n LGTB"},"content":{"rendered":"<p>Es uno de los sucesos m\u00e1s llamativos de la pasada semana en cuestiones de discriminaci\u00f3n. El periodista Ignacio Gutierrez anunciaba el pasado mi\u00e9rcoles que sal\u00eda de la cadena de televisi\u00f3n en la que habr\u00eda estado trabajando durante diez a\u00f1os completos.<\/p>\n<p>A pesar de que en un principio nadie supo las razones, el profesional se ha sincerado con todos sus seguidores y agreg\u00f3 que todo estaba relacionado con un asunto de discriminaci\u00f3n hacia su orientaci\u00f3n sexual.<\/p>\n<p>En el mes de diciembre de 2015 y enero de 2016, sostuve un par de reuniones con el Sr. Roost-Mac\u00edas, en las cu\u00e1les se hablar\u00eda de mi trabajo en el canal, pero para mi sorpresa se indic\u00f3 que, a su juicio, yo deb\u00eda jugar m\u00e1s con mi homosexualidad, cuesti\u00f3n del todo fuera de lugar\u00bb es uno de los apartados del documento redactado por el periodista.<\/p>\n<p>La demanda que Ignacio ha puesto a la cadena CHV est\u00e1 directamente relacionada con la discriminaci\u00f3n que se le hizo en este punto. \u00abSe hab\u00eda llegado a la conclusi\u00f3n de que el conductor del matinal, labor que yo desempe\u00f1o, deb\u00eda de ser heterosexual pues se necesita que tenga tensi\u00f3n sexual con la conductora. Por razones obvias -le agregaron- t\u00fa no puedes serlo, porque eres homosexual\u00bb<\/p>\n<p>Con esto se destaca la homofobia que han tenido ante este presentador de un programa en Chile que ahora est\u00e1 estableciendo todas las medidas oportunas con las que poder hacer ver el trato y por supuesto, que se logre justicia para unos comentarios m\u00e1s que desafortunados.<\/p>\n","protected":false},"excerpt":{"rendered":"<p>Es uno de los sucesos m\u00e1s llamativos de la pasada semana en cuestiones de discriminaci\u00f3n. El periodista Ignacio Gutierrez anunciaba el pasado mi\u00e9rcoles que sal\u00eda de la cadena de televisi\u00f3n en la que habr\u00eda estado trabajando durante diez a\u00f1os completos. A pesar de que en un principio nadie supo las razones, el profesional se ha [&hellip;]<\/p>\n","protected":false},"author":3,"featured_media":47159,"comment_status":"open","ping_status":"open","sticky":false,"template":"","format":"standard","meta":{"footnotes":""},"categories":[57],"tags":[],"class_list":["post-47158","post","type-post","status-publish","format-standard","has-post-thumbnail","hentry","category-mundo-gay"],"_links":{"self":[{"href":"https:\/\/2horizontes.com\/index.php?rest_route=\/wp\/v2\/posts\/47158","targetHints":{"allow":["GET"]}}],"collection":[{"href":"https:\/\/2horizontes.com\/index.php?rest_route=\/wp\/v2\/posts"}],"about":[{"href":"https:\/\/2horizontes.com\/index.php?rest_route=\/wp\/v2\/types\/post"}],"author":[{"embeddable":true,"href":"https:\/\/2horizontes.com\/index.php?rest_route=\/wp\/v2\/users\/3"}],"replies":[{"embeddable":true,"href":"https:\/\/2horizontes.com\/index.php?rest_route=%2Fwp%2Fv2%2Fcomments&post=47158"}],"version-history":[{"count":1,"href":"https:\/\/2horizontes.com\/index.php?rest_route=\/wp\/v2\/posts\/47158\/revisions"}],"predecessor-version":[{"id":47160,"href":"https:\/\/2horizontes.com\/index.php?rest_route=\/wp\/v2\/posts\/47158\/revisions\/47160"}],"wp:featuredmedia":[{"embeddable":true,"href":"https:\/\/2horizontes.com\/index.php?rest_route=\/wp\/v2\/media\/47159"}],"wp:attachment":[{"href":"https:\/\/2horizontes.com\/index.php?rest_route=%2Fwp%2Fv2%2Fmedia&parent=47158"}],"wp:term":[{"taxonomy":"category","embeddable":true,"href":"https:\/\/2horizontes.com\/index.php?rest_route=%2Fwp%2Fv2%2Fcategories&post=47158"},{"taxonomy":"post_tag","embeddable":true,"href":"https:\/\/2horizontes.com\/index.php?rest_route=%2Fwp%2Fv2%2Ftags&post=47158"}],"curies":[{"name":"wp","href":"https:\/\/api.w.org\/{rel}","templated":true}]}}