{"id":47134,"date":"2016-04-12T01:19:02","date_gmt":"2016-04-12T00:19:02","guid":{"rendered":"http:\/\/2horizontes.com\/?p=47134"},"modified":"2016-04-12T01:20:43","modified_gmt":"2016-04-12T00:20:43","slug":"ismael-garcia-magistrados-del-tsj-son-maduristas-y-malandros","status":"publish","type":"post","link":"https:\/\/2horizontes.com\/?p=47134","title":{"rendered":"Ismael Garc\u00eda: Magistrados del TSJ son \u201cmaduristas y malandros\u201d"},"content":{"rendered":"<p>VENEZUELA.- Ismael Garc\u00eda, diputado de la Asamblea Nacional por la Mesa de la Unidad Democr\u00e1tica, reaccion\u00f3 ante la decisi\u00f3n de del Tribunal Supremo de Justicia, luego de que el ente gubernamental declarara \u201cinconstitucional\u201d la Ley de Amnist\u00eda y Reconciliaci\u00f3n Nacional, sancionada por la Asamblea Nacional el 29 de marzo de 2016.<\/p>\n<p>\u201c\u00a1Urgente! Sala Constitucional del TSJ declara inconstitucional la Ley de Amnist\u00eda y Reconciliaci\u00f3n Nacional: magistrados maduristas y malandros\u201d, public\u00f3 el opositor a trav\u00e9s de su cuenta en Twitter.<\/p>\n<p>En la\u00a0sentencia\u00a0compartida este lunes en la p\u00e1gina oficial del TSJ, se ordena la \u00abpublicaci\u00f3n \u00edntegra\u00bb del fallo en la Gaceta Oficial de la Rep\u00fablica Bolivariana de Venezuela y en la Gaceta Judicial.<\/p>\n","protected":false},"excerpt":{"rendered":"<p>VENEZUELA.- Ismael Garc\u00eda, diputado de la Asamblea Nacional por la Mesa de la Unidad Democr\u00e1tica, reaccion\u00f3 ante la decisi\u00f3n de del Tribunal Supremo de Justicia, luego de que el ente gubernamental declarara \u201cinconstitucional\u201d la Ley de Amnist\u00eda y Reconciliaci\u00f3n Nacional, sancionada por la Asamblea Nacional el 29 de marzo de 2016. \u201c\u00a1Urgente! Sala Constitucional del [&hellip;]<\/p>\n","protected":false},"author":13240,"featured_media":47137,"comment_status":"open","ping_status":"open","sticky":false,"template":"","format":"standard","meta":{"footnotes":""},"categories":[40,43,48],"tags":[],"class_list":["post-47134","post","type-post","status-publish","format-standard","has-post-thumbnail","hentry","category-internacionales","category-politica","category-venezuela"],"_links":{"self":[{"href":"https:\/\/2horizontes.com\/index.php?rest_route=\/wp\/v2\/posts\/47134","targetHints":{"allow":["GET"]}}],"collection":[{"href":"https:\/\/2horizontes.com\/index.php?rest_route=\/wp\/v2\/posts"}],"about":[{"href":"https:\/\/2horizontes.com\/index.php?rest_route=\/wp\/v2\/types\/post"}],"author":[{"embeddable":true,"href":"https:\/\/2horizontes.com\/index.php?rest_route=\/wp\/v2\/users\/13240"}],"replies":[{"embeddable":true,"href":"https:\/\/2horizontes.com\/index.php?rest_route=%2Fwp%2Fv2%2Fcomments&post=47134"}],"version-history":[{"count":2,"href":"https:\/\/2horizontes.com\/index.php?rest_route=\/wp\/v2\/posts\/47134\/revisions"}],"predecessor-version":[{"id":47139,"href":"https:\/\/2horizontes.com\/index.php?rest_route=\/wp\/v2\/posts\/47134\/revisions\/47139"}],"wp:featuredmedia":[{"embeddable":true,"href":"https:\/\/2horizontes.com\/index.php?rest_route=\/wp\/v2\/media\/47137"}],"wp:attachment":[{"href":"https:\/\/2horizontes.com\/index.php?rest_route=%2Fwp%2Fv2%2Fmedia&parent=47134"}],"wp:term":[{"taxonomy":"category","embeddable":true,"href":"https:\/\/2horizontes.com\/index.php?rest_route=%2Fwp%2Fv2%2Fcategories&post=47134"},{"taxonomy":"post_tag","embeddable":true,"href":"https:\/\/2horizontes.com\/index.php?rest_route=%2Fwp%2Fv2%2Ftags&post=47134"}],"curies":[{"name":"wp","href":"https:\/\/api.w.org\/{rel}","templated":true}]}}