{"id":47133,"date":"2016-04-12T01:16:05","date_gmt":"2016-04-12T00:16:05","guid":{"rendered":"http:\/\/2horizontes.com\/?p=47133"},"modified":"2016-04-12T01:16:05","modified_gmt":"2016-04-12T00:16:05","slug":"aprobado-juicio-contra-dilma-rousseff","status":"publish","type":"post","link":"https:\/\/2horizontes.com\/?p=47133","title":{"rendered":"Aprobado juicio contra Dilma Rousseff"},"content":{"rendered":"<p>BRASIL.- Una comisi\u00f3n parlamentaria de Brasil, vot\u00f3 a favor de elevar a la C\u00e1mara de Diputados el proceso de juicio pol\u00edtico contra la presidente Dilma Rousseff, asegurando que hay razones suficientes para continuar con dicho proceso.<\/p>\n<p>La comisi\u00f3n estaba integrada por 65 diputados, de los cuales 38 votaron a favor y 27 en contra.<\/p>\n<p>A la mandataria brasile\u00f1a, se le acusa de modificar algunos n\u00fameros para que la econom\u00eda de este pa\u00eds no se viera afectada.<\/p>\n<p>El apoyo al proceso de destituci\u00f3n contra Rousseff , cuenta con una \u00abmayor\u00eda robusta\u00bb en la C\u00e1mara de Diputados, afirm\u00f3 un dirigente del Partido del Movimiento Democr\u00e1tico Brasile\u00f1o (PMDB).<\/p>\n<p>Wellington Moreira Franco, pol\u00edtico cercano al vicepresidente, Michel Temer, afirm\u00f3 en una rueda de prensa que el juicio pol\u00edtico contra Rousseff \u00abno es obra de una persona\u00bb y es fruto del \u00abmalestar\u00bb de la sociedad hacia el Gobierno.<\/p>\n<p>\u00abEl &#8216;impeachment&#8217; (juicio pol\u00edtico) solo se hace efectivo cuando hay una manifestaci\u00f3n sustancial y vigorosa de la opini\u00f3n p\u00fablica. No es una cosa trivial\u00bb, sostuvo.<\/p>\n<p>Franco, quien fue ministro en el gobierno de Rousseff y de su antecesor, Luiz In\u00e1cio Lula da Silva, asegur\u00f3 que el PMDB oye \u00abcon mucha atenci\u00f3n el eco de las calles\u00bb y su posici\u00f3n a favor de la destituci\u00f3n de la jefa de Estado es \u00abresultado de la maduraci\u00f3n\u00bb de esa idea en la sociedad.<\/p>\n<p>\u00abNunca estamos en contra de la voluntad popular. No llevamos el pueblo a la aventura \u00ab, coment\u00f3 el dirigente del PMDB.<\/p>\n<p>Franco opin\u00f3 que\u00bb Brasil necesita un gobierno de reunificaci\u00f3n que se esfuerce en pacificar\u00bb a una sociedad que est\u00e1 \u00abmuy dividida\u00bb por la cuesti\u00f3n del posible juicio pol\u00edtico a Rousseff.<\/p>\n","protected":false},"excerpt":{"rendered":"<p>BRASIL.- Una comisi\u00f3n parlamentaria de Brasil, vot\u00f3 a favor de elevar a la C\u00e1mara de Diputados el proceso de juicio pol\u00edtico contra la presidente Dilma Rousseff, asegurando que hay razones suficientes para continuar con dicho proceso. La comisi\u00f3n estaba integrada por 65 diputados, de los cuales 38 votaron a favor y 27 en contra. A [&hellip;]<\/p>\n","protected":false},"author":13240,"featured_media":31901,"comment_status":"open","ping_status":"open","sticky":false,"template":"","format":"standard","meta":{"footnotes":""},"categories":[40,43],"tags":[],"class_list":["post-47133","post","type-post","status-publish","format-standard","has-post-thumbnail","hentry","category-internacionales","category-politica"],"_links":{"self":[{"href":"https:\/\/2horizontes.com\/index.php?rest_route=\/wp\/v2\/posts\/47133","targetHints":{"allow":["GET"]}}],"collection":[{"href":"https:\/\/2horizontes.com\/index.php?rest_route=\/wp\/v2\/posts"}],"about":[{"href":"https:\/\/2horizontes.com\/index.php?rest_route=\/wp\/v2\/types\/post"}],"author":[{"embeddable":true,"href":"https:\/\/2horizontes.com\/index.php?rest_route=\/wp\/v2\/users\/13240"}],"replies":[{"embeddable":true,"href":"https:\/\/2horizontes.com\/index.php?rest_route=%2Fwp%2Fv2%2Fcomments&post=47133"}],"version-history":[{"count":1,"href":"https:\/\/2horizontes.com\/index.php?rest_route=\/wp\/v2\/posts\/47133\/revisions"}],"predecessor-version":[{"id":47136,"href":"https:\/\/2horizontes.com\/index.php?rest_route=\/wp\/v2\/posts\/47133\/revisions\/47136"}],"wp:featuredmedia":[{"embeddable":true,"href":"https:\/\/2horizontes.com\/index.php?rest_route=\/wp\/v2\/media\/31901"}],"wp:attachment":[{"href":"https:\/\/2horizontes.com\/index.php?rest_route=%2Fwp%2Fv2%2Fmedia&parent=47133"}],"wp:term":[{"taxonomy":"category","embeddable":true,"href":"https:\/\/2horizontes.com\/index.php?rest_route=%2Fwp%2Fv2%2Fcategories&post=47133"},{"taxonomy":"post_tag","embeddable":true,"href":"https:\/\/2horizontes.com\/index.php?rest_route=%2Fwp%2Fv2%2Ftags&post=47133"}],"curies":[{"name":"wp","href":"https:\/\/api.w.org\/{rel}","templated":true}]}}