{"id":47132,"date":"2016-04-12T01:14:00","date_gmt":"2016-04-12T00:14:00","guid":{"rendered":"http:\/\/2horizontes.com\/?p=47132"},"modified":"2016-04-12T01:14:00","modified_gmt":"2016-04-12T00:14:00","slug":"ex-diputada-venezolana-alerto-sobre-posicion-del-tsj-ante-ley-de-amnistia","status":"publish","type":"post","link":"https:\/\/2horizontes.com\/?p=47132","title":{"rendered":"Ex diputada venezolana alert\u00f3 sobre posici\u00f3n del TSJ ante Ley de Amnist\u00eda"},"content":{"rendered":"<p>Mar\u00eda Corina Machado, coordinadora de Vente Venezuela, expres\u00f3 que los venezolanos deben tomar medidas ante la \u201cdictadura\u201d, luego de que el Tribunal Supremo de Justicia declarara \u201cinconstitucional\u201d la Ley de Amnist\u00eda y Reconciliaci\u00f3n Nacional, sancionada por la Asamblea Nacional el 29 de marzo de 2016.<\/p>\n<p>\u201cAlerta dictadura en Venezuela declara inconstitucional Ley de Amnist\u00eda. Ha quedado claro para d\u00f3nde van y lo q tenemos q hacer para evitarlo\u201d, public\u00f3 Machado a trav\u00e9s de su cuenta en Twitter.<\/p>\n<p>Asimismo, asegur\u00f3 que la ley de amnist\u00eda fue un mandato de los venezolanos luego de las elecciones parlamentarias de diciembre 2015. \u201cEs nuestra obligaci\u00f3n cumplirlo. Eso requiere mucha y decidida presi\u00f3n popular\u201d, agreg\u00f3.<\/p>\n<blockquote class=\"twitter-tweet\">\n<p dir=\"ltr\" lang=\"es\">ALERTA Dictadura en Venezuela declara inconstitucional Ley de Amnist\u00eda. Ha quedado claro para d\u00f3nde van y lo q tenemos q hacer para evitarlo<\/p>\n<\/blockquote>\n","protected":false},"excerpt":{"rendered":"<p>Mar\u00eda Corina Machado, coordinadora de Vente Venezuela, expres\u00f3 que los venezolanos deben tomar medidas ante la \u201cdictadura\u201d, luego de que el Tribunal Supremo de Justicia declarara \u201cinconstitucional\u201d la Ley de Amnist\u00eda y Reconciliaci\u00f3n Nacional, sancionada por la Asamblea Nacional el 29 de marzo de 2016. \u201cAlerta dictadura en Venezuela declara inconstitucional Ley de Amnist\u00eda. Ha [&hellip;]<\/p>\n","protected":false},"author":13240,"featured_media":42802,"comment_status":"open","ping_status":"open","sticky":false,"template":"","format":"standard","meta":{"footnotes":""},"categories":[40,43,48],"tags":[],"class_list":["post-47132","post","type-post","status-publish","format-standard","has-post-thumbnail","hentry","category-internacionales","category-politica","category-venezuela"],"_links":{"self":[{"href":"https:\/\/2horizontes.com\/index.php?rest_route=\/wp\/v2\/posts\/47132","targetHints":{"allow":["GET"]}}],"collection":[{"href":"https:\/\/2horizontes.com\/index.php?rest_route=\/wp\/v2\/posts"}],"about":[{"href":"https:\/\/2horizontes.com\/index.php?rest_route=\/wp\/v2\/types\/post"}],"author":[{"embeddable":true,"href":"https:\/\/2horizontes.com\/index.php?rest_route=\/wp\/v2\/users\/13240"}],"replies":[{"embeddable":true,"href":"https:\/\/2horizontes.com\/index.php?rest_route=%2Fwp%2Fv2%2Fcomments&post=47132"}],"version-history":[{"count":1,"href":"https:\/\/2horizontes.com\/index.php?rest_route=\/wp\/v2\/posts\/47132\/revisions"}],"predecessor-version":[{"id":47135,"href":"https:\/\/2horizontes.com\/index.php?rest_route=\/wp\/v2\/posts\/47132\/revisions\/47135"}],"wp:featuredmedia":[{"embeddable":true,"href":"https:\/\/2horizontes.com\/index.php?rest_route=\/wp\/v2\/media\/42802"}],"wp:attachment":[{"href":"https:\/\/2horizontes.com\/index.php?rest_route=%2Fwp%2Fv2%2Fmedia&parent=47132"}],"wp:term":[{"taxonomy":"category","embeddable":true,"href":"https:\/\/2horizontes.com\/index.php?rest_route=%2Fwp%2Fv2%2Fcategories&post=47132"},{"taxonomy":"post_tag","embeddable":true,"href":"https:\/\/2horizontes.com\/index.php?rest_route=%2Fwp%2Fv2%2Ftags&post=47132"}],"curies":[{"name":"wp","href":"https:\/\/api.w.org\/{rel}","templated":true}]}}