{"id":47125,"date":"2016-04-12T01:04:11","date_gmt":"2016-04-12T00:04:11","guid":{"rendered":"http:\/\/2horizontes.com\/?p=47125"},"modified":"2016-04-12T01:04:11","modified_gmt":"2016-04-12T00:04:11","slug":"solorzano-sobre-declaratoria-de-inconstitucionalidad-del-tsj-no-descansaremos","status":"publish","type":"post","link":"https:\/\/2horizontes.com\/?p=47125","title":{"rendered":"Sol\u00f3rzano sobre declaratoria de inconstitucionalidad del TSJ: \u00abNo descansaremos\u00bb"},"content":{"rendered":"<p>VENEZUELA.- Delsa Sol\u00f3rzano, diputado a la Asamblea Nacional por la Mesa de Unidad Democr\u00e1tica, asever\u00f3 este lunes que \u201cla declaratoria de inconstitucionalidad de la Ley de Amnist\u00eda ratifica lo inconstitucional del Tribunal Supremo de Justicia\u201d.<\/p>\n<p>Asegur\u00f3, a trav\u00e9s de su cuenta en la red social Twitter, que a pesar de esta acci\u00f3n del alto ente judicial la MUD \u201cno descansar\u00e1\u201d.<\/p>\n<p>La decisi\u00f3n del TSJ en el expediente n\u00famero 16-0343, en la que se ordena la publicaci\u00f3n \u00edntegra del fallo en Gaceta Oficial y Judicial.<\/p>\n<p>La sala de prensa de la referida instituci\u00f3n indic\u00f3 que la decisi\u00f3n fue por \u00abunanimidad\u00bb de los magistrados.<\/p>\n","protected":false},"excerpt":{"rendered":"<p>VENEZUELA.- Delsa Sol\u00f3rzano, diputado a la Asamblea Nacional por la Mesa de Unidad Democr\u00e1tica, asever\u00f3 este lunes que \u201cla declaratoria de inconstitucionalidad de la Ley de Amnist\u00eda ratifica lo inconstitucional del Tribunal Supremo de Justicia\u201d. Asegur\u00f3, a trav\u00e9s de su cuenta en la red social Twitter, que a pesar de esta acci\u00f3n del alto ente [&hellip;]<\/p>\n","protected":false},"author":13240,"featured_media":47127,"comment_status":"open","ping_status":"open","sticky":false,"template":"","format":"standard","meta":{"footnotes":""},"categories":[40,43,48],"tags":[],"class_list":["post-47125","post","type-post","status-publish","format-standard","has-post-thumbnail","hentry","category-internacionales","category-politica","category-venezuela"],"_links":{"self":[{"href":"https:\/\/2horizontes.com\/index.php?rest_route=\/wp\/v2\/posts\/47125","targetHints":{"allow":["GET"]}}],"collection":[{"href":"https:\/\/2horizontes.com\/index.php?rest_route=\/wp\/v2\/posts"}],"about":[{"href":"https:\/\/2horizontes.com\/index.php?rest_route=\/wp\/v2\/types\/post"}],"author":[{"embeddable":true,"href":"https:\/\/2horizontes.com\/index.php?rest_route=\/wp\/v2\/users\/13240"}],"replies":[{"embeddable":true,"href":"https:\/\/2horizontes.com\/index.php?rest_route=%2Fwp%2Fv2%2Fcomments&post=47125"}],"version-history":[{"count":1,"href":"https:\/\/2horizontes.com\/index.php?rest_route=\/wp\/v2\/posts\/47125\/revisions"}],"predecessor-version":[{"id":47128,"href":"https:\/\/2horizontes.com\/index.php?rest_route=\/wp\/v2\/posts\/47125\/revisions\/47128"}],"wp:featuredmedia":[{"embeddable":true,"href":"https:\/\/2horizontes.com\/index.php?rest_route=\/wp\/v2\/media\/47127"}],"wp:attachment":[{"href":"https:\/\/2horizontes.com\/index.php?rest_route=%2Fwp%2Fv2%2Fmedia&parent=47125"}],"wp:term":[{"taxonomy":"category","embeddable":true,"href":"https:\/\/2horizontes.com\/index.php?rest_route=%2Fwp%2Fv2%2Fcategories&post=47125"},{"taxonomy":"post_tag","embeddable":true,"href":"https:\/\/2horizontes.com\/index.php?rest_route=%2Fwp%2Fv2%2Ftags&post=47125"}],"curies":[{"name":"wp","href":"https:\/\/api.w.org\/{rel}","templated":true}]}}