{"id":47108,"date":"2016-04-11T17:13:34","date_gmt":"2016-04-11T16:13:34","guid":{"rendered":"http:\/\/2horizontes.com\/?p=47108"},"modified":"2016-04-11T17:14:45","modified_gmt":"2016-04-11T16:14:45","slug":"por-etiquetarse-en-facebook-se-delato-y-quedo-preso","status":"publish","type":"post","link":"https:\/\/2horizontes.com\/?p=47108","title":{"rendered":"Por etiquetarse en Facebook, se delat\u00f3 y qued\u00f3 preso"},"content":{"rendered":"<p><strong>Irlanda<\/strong><\/p>\n<div>Un joven de Belfast, Irlanda, fue condenado por disturbios tras ser identificado por etiquetarse en las fotos del hecho en Facebook.<\/div>\n<div><\/div>\n<div>Robert Darragh, de 21 a\u00f1os,<b> se etiquet\u00f3 en dos fotos de la red social<\/b> que mostraban los disturbios en el \u00e1rea de Woodvale, en julio, y fue detenido y<b> sentenciado a dos a\u00f1os, uno de ellos, a prisi\u00f3n efectiva.<\/b><\/div>\n<div><\/div>\n<div>Casi 30 polic\u00edas resultaron heridos durante los enfrentamientos, originados por la decisi\u00f3n de las autoridades de separar a dos grupos opositores para evitar disturbios en un desfile, tras hechos violentos en ediciones pasadas.<\/div>\n<div><\/div>\n<div>\n<div id=\"2209333-Grande-507576434_wrap\" class=\"embed_cont type_imagen\">\n<div id=\"2209333-Grande-507576434_content\" class=\"embed_content\"><img decoding=\"async\" id=\"2209333-Grande-507576434_embed\" src=\"http:\/\/cdn01.am.infobae.com\/adjuntos\/163\/imagenes\/014\/566\/0014566922.jpg?0000-00-00-00-00-00\" alt=\"\" \/><\/div>\n<div id=\"2209333-Grande-507576434_epigrafe\" class=\"embed_epigrafe\"><\/div>\n<div id=\"2209333-Grande-507576434_copyright\" class=\"embed_copyright\">AFP<\/div>\n<\/div>\n<\/div>\n<div>Seg\u00fan el portal <i>BelfastLive<\/i>, un fiscal inform\u00f3 que <b>Darragh fue captado por las c\u00e1maras arrojando objetos a los agentes, pero ten\u00eda el rostro cubierto.<\/b> Luego de ser identificado y detenido, fue interrogado y admiti\u00f3 que estuvo en el \u00e1rea, pero que <b>hab\u00eda bebido mucho alcohol durante tres d\u00edas y no recordaba lo sucedido.<\/b><\/div>\n<div><\/div>\n<div>El abogado defensor argument\u00f3 que su cliente \u00abno tiene un esp\u00edritu violento, pero se vio atrapado entre un grupo de gente conocida\u00bb, que result\u00f3 en un \u00ab<b>desenlace indignante<\/b>\u00ab.<\/div>\n<div><\/div>\n<div>F. Infobae.<\/div>\n","protected":false},"excerpt":{"rendered":"<p>Irlanda Un joven de Belfast, Irlanda, fue condenado por disturbios tras ser identificado por etiquetarse en las fotos del hecho en Facebook. Robert Darragh, de 21 a\u00f1os, se etiquet\u00f3 en dos fotos de la red social que mostraban los disturbios en el \u00e1rea de Woodvale, en julio, y fue detenido y sentenciado a dos a\u00f1os, [&hellip;]<\/p>\n","protected":false},"author":7,"featured_media":47109,"comment_status":"open","ping_status":"open","sticky":false,"template":"","format":"standard","meta":{"footnotes":""},"categories":[1,40],"tags":[],"class_list":["post-47108","post","type-post","status-publish","format-standard","has-post-thumbnail","hentry","category-entretenimiento","category-internacionales"],"_links":{"self":[{"href":"https:\/\/2horizontes.com\/index.php?rest_route=\/wp\/v2\/posts\/47108","targetHints":{"allow":["GET"]}}],"collection":[{"href":"https:\/\/2horizontes.com\/index.php?rest_route=\/wp\/v2\/posts"}],"about":[{"href":"https:\/\/2horizontes.com\/index.php?rest_route=\/wp\/v2\/types\/post"}],"author":[{"embeddable":true,"href":"https:\/\/2horizontes.com\/index.php?rest_route=\/wp\/v2\/users\/7"}],"replies":[{"embeddable":true,"href":"https:\/\/2horizontes.com\/index.php?rest_route=%2Fwp%2Fv2%2Fcomments&post=47108"}],"version-history":[{"count":3,"href":"https:\/\/2horizontes.com\/index.php?rest_route=\/wp\/v2\/posts\/47108\/revisions"}],"predecessor-version":[{"id":47112,"href":"https:\/\/2horizontes.com\/index.php?rest_route=\/wp\/v2\/posts\/47108\/revisions\/47112"}],"wp:featuredmedia":[{"embeddable":true,"href":"https:\/\/2horizontes.com\/index.php?rest_route=\/wp\/v2\/media\/47109"}],"wp:attachment":[{"href":"https:\/\/2horizontes.com\/index.php?rest_route=%2Fwp%2Fv2%2Fmedia&parent=47108"}],"wp:term":[{"taxonomy":"category","embeddable":true,"href":"https:\/\/2horizontes.com\/index.php?rest_route=%2Fwp%2Fv2%2Fcategories&post=47108"},{"taxonomy":"post_tag","embeddable":true,"href":"https:\/\/2horizontes.com\/index.php?rest_route=%2Fwp%2Fv2%2Ftags&post=47108"}],"curies":[{"name":"wp","href":"https:\/\/api.w.org\/{rel}","templated":true}]}}