{"id":4704,"date":"2015-04-09T19:35:21","date_gmt":"2015-04-09T19:35:21","guid":{"rendered":"http:\/\/2horizontes.com\/?p=4704"},"modified":"2015-04-10T06:07:56","modified_gmt":"2015-04-10T06:07:56","slug":"hipolito-mejia-llama-marchar-por-independencia-de-la-justicia-en-rd","status":"publish","type":"post","link":"https:\/\/2horizontes.com\/?p=4704","title":{"rendered":"Hip\u00f3lito Mej\u00eda llama marchar por independencia de la justicia en RD"},"content":{"rendered":"<p class=\"DETALLE_N_titulo \"><a href=\"http:\/\/2horizontes.com\/wp-content\/uploads\/2015\/04\/hipo.jpg\"><img loading=\"lazy\" decoding=\"async\" class=\" size-medium wp-image-4706 alignleft\" src=\"http:\/\/2horizontes.com\/wp-content\/uploads\/2015\/04\/hipo-300x200.jpg\" alt=\"Hip\u00f3lito Mej\u00eda se re\u00fane con Hatuey de Camps Jim\u00e9nez\" width=\"300\" height=\"200\" srcset=\"https:\/\/2horizontes.com\/wp-content\/uploads\/2015\/04\/hipo-300x200.jpg 300w, https:\/\/2horizontes.com\/wp-content\/uploads\/2015\/04\/hipo-510x339.jpg 510w, https:\/\/2horizontes.com\/wp-content\/uploads\/2015\/04\/hipo.jpg 645w\" sizes=\"auto, (max-width: 300px) 100vw, 300px\" \/><\/a><\/p>\n<p class=\"DETALLE_N_titulo \">Santo Domingo, 8 abr (EFE).- El ex presidente Hip\u00f3lito Mej\u00eda llam\u00f3 hoy a marchar por la independencia de la justicia y por el respeto a la institucionalidad, ya que \u201cla sociedad dominicana pide a gritos que sea liberada de las garras criminales de la delincuencia y la corruptela\u201d.<!--more--><\/p>\n<div id=\"texto\" class=\"texto_txt\">\n<div class=\"DETALLE_N_texto \">\n<p><span id=\"ctl14_lblMostra\">De este modo, y a trav\u00e9s de un comunicado de prensa, Mej\u00eda uni\u00f3 su voz a las de quienes consideran que la justicia est\u00e1 \u201cdesacreditada\u201d y record\u00f3 que la iglesia cat\u00f3lica acaba de calificarla, en la pasada Semana Santa, como \u201cuna verg\u00fcenza para los dominicanos\u201d.<\/span><\/p>\n<p>\u201cLa misma que los jesuitas pidieron sea renovada con el nombramiento de jueces imparciales y, la misma que el Consejo Nacional de la Empresa Privada (CONEP) afirma, con preocupaci\u00f3n, que atraviesa por una crisis de confianza\u201d, a\u00f1adi\u00f3.<\/p>\n<p>El ex mandatario expres\u00f3 su compromiso y su decisi\u00f3n \u201ca luchar para que tengamos una justicia independiente, justa, eficaz, cre\u00edble, integrada por jueces de carrera, que cumplan su rol con dignidad, tal como lo reclama y merece nuestra sociedad\u201d.<\/p>\n<p>Asimismo, exhort\u00f3 al pueblo a que \u201csaquemos la toga y el birrete del lodo en que se encuentran, para que la justicia est\u00e9 al servicio de todos y no, tan solo, de aquellos que la utilizan para obtener protecci\u00f3n e impunidad despu\u00e9s de robar los dineros del pueblo\u201d. EFE<\/p>\n<\/div>\n<\/div>\n","protected":false},"excerpt":{"rendered":"<p>Santo Domingo, 8 abr (EFE).- El ex presidente Hip\u00f3lito Mej\u00eda llam\u00f3 hoy a marchar por la independencia de la justicia y por el respeto a la institucionalidad, ya que \u201cla sociedad dominicana pide a gritos que sea liberada de las garras criminales de la delincuencia y la corruptela\u201d.<\/p>\n","protected":false},"author":4,"featured_media":4706,"comment_status":"open","ping_status":"open","sticky":false,"template":"","format":"standard","meta":{"footnotes":""},"categories":[43],"tags":[],"class_list":["post-4704","post","type-post","status-publish","format-standard","has-post-thumbnail","hentry","category-politica"],"_links":{"self":[{"href":"https:\/\/2horizontes.com\/index.php?rest_route=\/wp\/v2\/posts\/4704","targetHints":{"allow":["GET"]}}],"collection":[{"href":"https:\/\/2horizontes.com\/index.php?rest_route=\/wp\/v2\/posts"}],"about":[{"href":"https:\/\/2horizontes.com\/index.php?rest_route=\/wp\/v2\/types\/post"}],"author":[{"embeddable":true,"href":"https:\/\/2horizontes.com\/index.php?rest_route=\/wp\/v2\/users\/4"}],"replies":[{"embeddable":true,"href":"https:\/\/2horizontes.com\/index.php?rest_route=%2Fwp%2Fv2%2Fcomments&post=4704"}],"version-history":[{"count":1,"href":"https:\/\/2horizontes.com\/index.php?rest_route=\/wp\/v2\/posts\/4704\/revisions"}],"predecessor-version":[{"id":4710,"href":"https:\/\/2horizontes.com\/index.php?rest_route=\/wp\/v2\/posts\/4704\/revisions\/4710"}],"wp:featuredmedia":[{"embeddable":true,"href":"https:\/\/2horizontes.com\/index.php?rest_route=\/wp\/v2\/media\/4706"}],"wp:attachment":[{"href":"https:\/\/2horizontes.com\/index.php?rest_route=%2Fwp%2Fv2%2Fmedia&parent=4704"}],"wp:term":[{"taxonomy":"category","embeddable":true,"href":"https:\/\/2horizontes.com\/index.php?rest_route=%2Fwp%2Fv2%2Fcategories&post=4704"},{"taxonomy":"post_tag","embeddable":true,"href":"https:\/\/2horizontes.com\/index.php?rest_route=%2Fwp%2Fv2%2Ftags&post=4704"}],"curies":[{"name":"wp","href":"https:\/\/api.w.org\/{rel}","templated":true}]}}