{"id":46895,"date":"2016-04-09T14:12:15","date_gmt":"2016-04-09T13:12:15","guid":{"rendered":"http:\/\/2horizontes.com\/?p=46895"},"modified":"2016-04-09T14:12:15","modified_gmt":"2016-04-09T13:12:15","slug":"papa-defiende-la-educacion-sexual","status":"publish","type":"post","link":"https:\/\/2horizontes.com\/?p=46895","title":{"rendered":"Papa defiende la educaci\u00f3n sexual"},"content":{"rendered":"<div id=\"ArticleAuthorDiv\" class=\"article-body-author\"><b>EFE<\/b><\/div>\n<div id=\"ArticleSourceDiv\" class=\"article-body-author\"><b>Ciudad del Vaticano<\/b><\/div>\n<div id=\"ArticleBody\">\n<p>educaci\u00f3n sexual con un \u201csano pudor\u201d y, al mismo tiempo, ha criticado la definici\u00f3n de \u201csexo seguro\u201d que, se\u00f1ala, \u201ctransmite una actitud negativa hacia la finalidad procreativa natural\u201d.<\/p>\n<p>\u201cEs dif\u00edcil pensar la educaci\u00f3n sexual en una \u00e9poca en que la sexualidad tiende a banalizarse y a empobrecerse\u201d, se\u00f1ala el pont\u00edfice en su nueva exhortaci\u00f3n apost\u00f3lica sobre la familia, \u201cAmoris Laetitia\u201d, publicada hoy.<\/p>\n<p>En ayer cap\u00edtulo titulado \u201cS\u00ed a la educaci\u00f3n sexual\u201d, Francisco reivindica que la educaci\u00f3n sexual de los j\u00f3venes \u201csolo podr\u00eda entenderse en el marco de una educaci\u00f3n para el amor, para la donaci\u00f3n mutua\u201d.<\/p>\n<p>\u201cLa educaci\u00f3n sexual brinda informaci\u00f3n, pero sin olvidar que los ni\u00f1os y los j\u00f3venes no han alcanzado una madurez plena. La informaci\u00f3n debe llegar en el momento apropiado y de una manera adecuada a la etapa que viven\u201d, recomienda el papa.<\/p>\n<p>Y agrega: \u201cNo sirve saturarlos de datos sin el desarrollo de un sentido cr\u00edtico ante una invasi\u00f3n de propuestas, ante la pornograf\u00eda descontrolada y la sobrecarga de est\u00edmulos que pueden mutilar su sexualidad\u201d.<\/p>\n<\/div>\n","protected":false},"excerpt":{"rendered":"<p>EFE Ciudad del Vaticano educaci\u00f3n sexual con un \u201csano pudor\u201d y, al mismo tiempo, ha criticado la definici\u00f3n de \u201csexo seguro\u201d que, se\u00f1ala, \u201ctransmite una actitud negativa hacia la finalidad procreativa natural\u201d. \u201cEs dif\u00edcil pensar la educaci\u00f3n sexual en una \u00e9poca en que la sexualidad tiende a banalizarse y a empobrecerse\u201d, se\u00f1ala el pont\u00edfice en [&hellip;]<\/p>\n","protected":false},"author":7,"featured_media":46896,"comment_status":"open","ping_status":"open","sticky":false,"template":"","format":"standard","meta":{"footnotes":""},"categories":[55,40],"tags":[],"class_list":["post-46895","post","type-post","status-publish","format-standard","has-post-thumbnail","hentry","category-educacion","category-internacionales"],"_links":{"self":[{"href":"https:\/\/2horizontes.com\/index.php?rest_route=\/wp\/v2\/posts\/46895","targetHints":{"allow":["GET"]}}],"collection":[{"href":"https:\/\/2horizontes.com\/index.php?rest_route=\/wp\/v2\/posts"}],"about":[{"href":"https:\/\/2horizontes.com\/index.php?rest_route=\/wp\/v2\/types\/post"}],"author":[{"embeddable":true,"href":"https:\/\/2horizontes.com\/index.php?rest_route=\/wp\/v2\/users\/7"}],"replies":[{"embeddable":true,"href":"https:\/\/2horizontes.com\/index.php?rest_route=%2Fwp%2Fv2%2Fcomments&post=46895"}],"version-history":[{"count":1,"href":"https:\/\/2horizontes.com\/index.php?rest_route=\/wp\/v2\/posts\/46895\/revisions"}],"predecessor-version":[{"id":46897,"href":"https:\/\/2horizontes.com\/index.php?rest_route=\/wp\/v2\/posts\/46895\/revisions\/46897"}],"wp:featuredmedia":[{"embeddable":true,"href":"https:\/\/2horizontes.com\/index.php?rest_route=\/wp\/v2\/media\/46896"}],"wp:attachment":[{"href":"https:\/\/2horizontes.com\/index.php?rest_route=%2Fwp%2Fv2%2Fmedia&parent=46895"}],"wp:term":[{"taxonomy":"category","embeddable":true,"href":"https:\/\/2horizontes.com\/index.php?rest_route=%2Fwp%2Fv2%2Fcategories&post=46895"},{"taxonomy":"post_tag","embeddable":true,"href":"https:\/\/2horizontes.com\/index.php?rest_route=%2Fwp%2Fv2%2Ftags&post=46895"}],"curies":[{"name":"wp","href":"https:\/\/api.w.org\/{rel}","templated":true}]}}