{"id":46887,"date":"2016-04-09T13:59:39","date_gmt":"2016-04-09T12:59:39","guid":{"rendered":"http:\/\/2horizontes.com\/?p=46887"},"modified":"2016-04-09T14:01:53","modified_gmt":"2016-04-09T13:01:53","slug":"gobierno-evalua-prohibicion-a-rd","status":"publish","type":"post","link":"https:\/\/2horizontes.com\/?p=46887","title":{"rendered":"Gobierno de Hait\u00ed eval\u00faa prohibici\u00f3n a Rep\u00fablica Dominicana"},"content":{"rendered":"<div id=\"ArticleAuthorDiv\" class=\"article-body-author\"><b>Javier Valdivia<\/b><\/div>\n<div id=\"ArticleSourceDiv\" class=\"article-body-author\"><b>Santo Domingo<\/b><\/div>\n<div id=\"ArticleBody\">\n<p>El primer minsitro haitiano Enex Jean- Charles dijo que su gobierno eval\u00faa la prohibici\u00f3n al ingreso de 23 productos dominicanos v\u00eda terrestre, pero advirti\u00f3 que no tiene a\u00fan una decisi\u00f3n sobre el particular.<\/p>\n<p>Jean-Charles compareci\u00f3 el jueves ante el comit\u00e9 permanente de Econom\u00eda, Finanzas y Presupuesto de la C\u00e1mara de Diputados, acompa\u00f1ado por los ministros de Planificaci\u00f3n y Comercio y por el titular de la Direcci\u00f3n General de Aduanas.<\/p>\n<p>En la sesi\u00f3n, Jean-Charles dijo \u201ca los parlamentarios que hay tres caminos a seguir: uno, revocar la decisi\u00f3n, mantenerla o mejorarla\u201d.<\/p>\n<p>El 1 de octubre del 2015 Hait\u00ed cerr\u00f3 sus fronteras terrestres a 23 productos procedentes de Rep\u00fablica Dominicana para mejorar el control de calidad de importaci\u00f3n de bienes de ese pa\u00eds, aunque anunci\u00f3 permitir\u00eda su acceso a trav\u00e9s de puertos mar\u00edtimos y a\u00e9reos.<\/p>\n<p>En respuesta, Rep\u00fablica Dominicana llev\u00f3 cuatro despu\u00e9s a la Organizaci\u00f3n Mundial de Comercio (OMC) su queja por la medida haitiana, que provoc\u00f3 un resquebrajamiento de las relaciones entre los dos pa\u00edses.<\/p>\n<p>\u201cNos comprometemos a volver con una decisi\u00f3n clara&#8230;\u201d, afirm\u00f3 el funcionario, para agregar que el gobierno asisti\u00f3 al Parlamento con la intenci\u00f3n de informarle su posici\u00f3n del gobierno en torno a la interdicci\u00f3n de productos que \u201ca\u00fan tienen que entrar al pa\u00eds\u201d, aunque se\u00f1al\u00f3 que las medidas restrictivas \u201cclaramente especifican que pueden ser importados por barco o por avi\u00f3n\u201d.<\/p>\n<p>El jefe de gobierno tambi\u00e9n destac\u00f3 que el \u201cpa\u00eds est\u00e1 empantanado en un acuerdo sobre la continuidad institucional\u201d, e insisti\u00f3 en que su gabinete a\u00fan no tiene suficiente informaci\u00f3n relativa a la interdicci\u00f3n de productos dominicanos, por lo que es necesario que la sesi\u00f3n sea transferida.<\/p>\n<p>\u201cSomos conscientes de que las dificultades que enfrenta la poblaci\u00f3n, pero desde ARCHIVO nuestra primera reuni\u00f3n de gabinete se pidi\u00f3 a los ministros empaparse de los diferentes casos en los respectivos ministerios. Ayer llegamos juntos para establecer una hoja de ruta\u201d, dijo Jean- Charles.<\/p>\n<p>Esta semana, los presidentes de la comisi\u00f3n de Finanzas y de Comercio de la c\u00e1mara baja, Antoine Rodon Bien Aim\u00e9 y Jude Destin\u00e9, respectivamente, pidieron al Poder Ejecutivo levantar el bloqueo impuesto por Hait\u00ed a la vecina Rep\u00fablica Dominicana, debido a que la medida afecta la econom\u00eda de los m\u00e1s pobres de la poblaci\u00f3n haitiana y fomenta el monopolio en el pa\u00eds, de acuerdo con los diputados.<\/p>\n<p>Los l\u00edderes de la c\u00e1mara baja denunciaron que en el contexto del bloqueo comercial, casi todas las aduanas ubicadas en las provincias fronterizas han tenido que cerrar, muchos ciudadanos se han visto privados de las actividades econ\u00f3micas realizadas en esa zona debido a la prohibici\u00f3n.<\/p>\n<\/div>\n","protected":false},"excerpt":{"rendered":"<p>Javier Valdivia Santo Domingo El primer minsitro haitiano Enex Jean- Charles dijo que su gobierno eval\u00faa la prohibici\u00f3n al ingreso de 23 productos dominicanos v\u00eda terrestre, pero advirti\u00f3 que no tiene a\u00fan una decisi\u00f3n sobre el particular. Jean-Charles compareci\u00f3 el jueves ante el comit\u00e9 permanente de Econom\u00eda, Finanzas y Presupuesto de la C\u00e1mara de Diputados, [&hellip;]<\/p>\n","protected":false},"author":7,"featured_media":46888,"comment_status":"open","ping_status":"open","sticky":false,"template":"","format":"standard","meta":{"footnotes":""},"categories":[47,40,43],"tags":[],"class_list":["post-46887","post","type-post","status-publish","format-standard","has-post-thumbnail","hentry","category-haiti","category-internacionales","category-politica"],"_links":{"self":[{"href":"https:\/\/2horizontes.com\/index.php?rest_route=\/wp\/v2\/posts\/46887","targetHints":{"allow":["GET"]}}],"collection":[{"href":"https:\/\/2horizontes.com\/index.php?rest_route=\/wp\/v2\/posts"}],"about":[{"href":"https:\/\/2horizontes.com\/index.php?rest_route=\/wp\/v2\/types\/post"}],"author":[{"embeddable":true,"href":"https:\/\/2horizontes.com\/index.php?rest_route=\/wp\/v2\/users\/7"}],"replies":[{"embeddable":true,"href":"https:\/\/2horizontes.com\/index.php?rest_route=%2Fwp%2Fv2%2Fcomments&post=46887"}],"version-history":[{"count":3,"href":"https:\/\/2horizontes.com\/index.php?rest_route=\/wp\/v2\/posts\/46887\/revisions"}],"predecessor-version":[{"id":46891,"href":"https:\/\/2horizontes.com\/index.php?rest_route=\/wp\/v2\/posts\/46887\/revisions\/46891"}],"wp:featuredmedia":[{"embeddable":true,"href":"https:\/\/2horizontes.com\/index.php?rest_route=\/wp\/v2\/media\/46888"}],"wp:attachment":[{"href":"https:\/\/2horizontes.com\/index.php?rest_route=%2Fwp%2Fv2%2Fmedia&parent=46887"}],"wp:term":[{"taxonomy":"category","embeddable":true,"href":"https:\/\/2horizontes.com\/index.php?rest_route=%2Fwp%2Fv2%2Fcategories&post=46887"},{"taxonomy":"post_tag","embeddable":true,"href":"https:\/\/2horizontes.com\/index.php?rest_route=%2Fwp%2Fv2%2Ftags&post=46887"}],"curies":[{"name":"wp","href":"https:\/\/api.w.org\/{rel}","templated":true}]}}