{"id":46869,"date":"2016-04-09T02:51:23","date_gmt":"2016-04-09T01:51:23","guid":{"rendered":"http:\/\/2horizontes.com\/?p=46869"},"modified":"2016-04-09T02:51:23","modified_gmt":"2016-04-09T01:51:23","slug":"allanaron-sede-de-mossack-fonseca-en-el-salvador-por-orden-de-la-fiscalia","status":"publish","type":"post","link":"https:\/\/2horizontes.com\/?p=46869","title":{"rendered":"Allanaron sede de Mossack Fonseca en El Salvador por orden de la Fiscal\u00eda"},"content":{"rendered":"<p>La oficina del bufete paname\u00f1o Mossack Fonseca en El Salvador fue allanada este viernes por orden de la Fiscal\u00eda General, despu\u00e9s de que unos 33 salvadore\u00f1os fueran vinculados con delitos de evasi\u00f3n fiscal y lavado de dinero relacionados con los servicios de esa firma.<\/p>\n<p>Seg\u00fan el ente fiscal, \u00abbuena cantidad de equipo inform\u00e1tico\u00bb fue requisado en el local del bufete, del que sus empleados retiraron este jueves el r\u00f3tulo identificativo, \u00abporque se est\u00e1n trasladando\u00bb, se\u00f1al\u00f3 el encargado de la sucursal, en San Salvador.<\/p>\n<p>Al menos 33 salvadore\u00f1os con unos 220 negocios en su haber est\u00e1n salpicados, seg\u00fan medios locales, por la reciente filtraci\u00f3n de documentos de esta firma que vincula a personalidades del mundo con la creaci\u00f3n de empresas \u00aboffshore\u00bb y el uso de para\u00edsos fiscales para supuestamente gestionar patrimonios de formas opacas.<\/p>\n<p>Seg\u00fan dijo ayer en conferencia de prensa el fiscal general salvadore\u00f1o, Douglas Mel\u00e9ndez, \u00aba ra\u00edz de la informaci\u00f3n que el fin de semana fue publicada\u00bb sobre los papeles de Panam\u00e1, el lunes 4 de abril \u00abse inici\u00f3 una investigaci\u00f3n sobre estos hechos\u00bb.<\/p>\n<p>El fiscal detall\u00f3 que las indagaciones est\u00e1n centradas en determinar si empresas creadas a trav\u00e9s del bufete paname\u00f1o \u00absirvieron para cometer il\u00edcitos\u00bb como la evasi\u00f3n de impuestos, blanqueo y fraude.<\/p>\n<p>La filtraci\u00f3n a Mossack Fonseca incluye 11,5 millones de documentos de casi 4 d\u00e9cadas del bufete paname\u00f1o, especializado en la gesti\u00f3n de capitales y patrimonios, con informaci\u00f3n de m\u00e1s de 214.000 empresas \u00aboffshore\u00bb en 200 pa\u00edses y territorios, de acuerdo con el Consorcio Internacional de Periodistas de Investigaci\u00f3n (ICIJ), que lider\u00f3 las averiguaciones.<\/p>\n","protected":false},"excerpt":{"rendered":"<p>La oficina del bufete paname\u00f1o Mossack Fonseca en El Salvador fue allanada este viernes por orden de la Fiscal\u00eda General, despu\u00e9s de que unos 33 salvadore\u00f1os fueran vinculados con delitos de evasi\u00f3n fiscal y lavado de dinero relacionados con los servicios de esa firma. Seg\u00fan el ente fiscal, \u00abbuena cantidad de equipo inform\u00e1tico\u00bb fue requisado [&hellip;]<\/p>\n","protected":false},"author":13240,"featured_media":46873,"comment_status":"open","ping_status":"open","sticky":false,"template":"","format":"standard","meta":{"footnotes":""},"categories":[63,40],"tags":[],"class_list":["post-46869","post","type-post","status-publish","format-standard","has-post-thumbnail","hentry","category-economia","category-internacionales"],"_links":{"self":[{"href":"https:\/\/2horizontes.com\/index.php?rest_route=\/wp\/v2\/posts\/46869","targetHints":{"allow":["GET"]}}],"collection":[{"href":"https:\/\/2horizontes.com\/index.php?rest_route=\/wp\/v2\/posts"}],"about":[{"href":"https:\/\/2horizontes.com\/index.php?rest_route=\/wp\/v2\/types\/post"}],"author":[{"embeddable":true,"href":"https:\/\/2horizontes.com\/index.php?rest_route=\/wp\/v2\/users\/13240"}],"replies":[{"embeddable":true,"href":"https:\/\/2horizontes.com\/index.php?rest_route=%2Fwp%2Fv2%2Fcomments&post=46869"}],"version-history":[{"count":1,"href":"https:\/\/2horizontes.com\/index.php?rest_route=\/wp\/v2\/posts\/46869\/revisions"}],"predecessor-version":[{"id":46874,"href":"https:\/\/2horizontes.com\/index.php?rest_route=\/wp\/v2\/posts\/46869\/revisions\/46874"}],"wp:featuredmedia":[{"embeddable":true,"href":"https:\/\/2horizontes.com\/index.php?rest_route=\/wp\/v2\/media\/46873"}],"wp:attachment":[{"href":"https:\/\/2horizontes.com\/index.php?rest_route=%2Fwp%2Fv2%2Fmedia&parent=46869"}],"wp:term":[{"taxonomy":"category","embeddable":true,"href":"https:\/\/2horizontes.com\/index.php?rest_route=%2Fwp%2Fv2%2Fcategories&post=46869"},{"taxonomy":"post_tag","embeddable":true,"href":"https:\/\/2horizontes.com\/index.php?rest_route=%2Fwp%2Fv2%2Ftags&post=46869"}],"curies":[{"name":"wp","href":"https:\/\/api.w.org\/{rel}","templated":true}]}}