{"id":46848,"date":"2016-04-09T02:20:20","date_gmt":"2016-04-09T01:20:20","guid":{"rendered":"http:\/\/2horizontes.com\/?p=46848"},"modified":"2016-04-09T02:23:58","modified_gmt":"2016-04-09T01:23:58","slug":"cepal-dice-que-la-actividad-economica-de-america-latina-se-contraera-06-en-2016","status":"publish","type":"post","link":"https:\/\/2horizontes.com\/?p=46848","title":{"rendered":"CEPAL dice que la actividad econ\u00f3mica de Am\u00e9rica Latina se contraer\u00e1 -0,6 % en 2016"},"content":{"rendered":"<div class=\"detalle-texto\">\n<div class=\"text\">\n<p>SANTIAGO DE CHILE. La Comisi\u00f3n Econ\u00f3mica para Am\u00e9rica Latina y el Caribe (CEPAL) revis\u00f3 a la baja las proyecciones de crecimiento de la actividad econ\u00f3mica de la regi\u00f3n y espera una contracci\u00f3n promedio de -0,6 % en Am\u00e9rica Latina y el Caribe para 2016, inform\u00f3 hoy el organismo de las Naciones Unidas.<\/p>\n<p>Con esta nueva estimaci\u00f3n, la contracci\u00f3n que experiment\u00f3 el producto interno bruto (PIB) regional en 2015 (-0,5 %) se prolongar\u00eda en el presente a\u00f1o, precis\u00f3 un comunicado de la CEPAL.<\/p>\n<p>La entidad anticipa que las nuevas proyecciones dan cuenta de un entorno global dif\u00edcil en el cual se mantiene el bajo crecimiento de los pa\u00edses desarrollados.<\/p>\n<p>Asimismo, una importante desaceleraci\u00f3n en las econom\u00edas emergentes, en particular China, una creciente volatilidad y costos en los mercados financieros, y bajos precios de las materias primas, en particular hidrocarburos y minerales.<\/p>\n<p>Adem\u00e1s, se aprecia una mayor debilidad de la demanda interna de los pa\u00edses de la regi\u00f3n, en la cual la ca\u00edda en la inversi\u00f3n dom\u00e9stica est\u00e1 siendo acompa\u00f1ada por una desaceleraci\u00f3n del consumo.<\/p>\n<p>Al igual que en 2015, durante 2016 la din\u00e1mica del crecimiento muestra marcadas diferencias entre pa\u00edses y subregiones, subraya la CEPAL.<\/p>\n<p>Las econom\u00edas de Am\u00e9rica del Sur, especializadas en la producci\u00f3n de bienes primarios, en especial petr\u00f3leo y minerales, y con creciente grado de integraci\u00f3n comercial con China, registrar\u00e1n una contracci\u00f3n de -1,9 %.<\/p>\n<p><b>Centroam\u00e9rica<\/b><\/p>\n<p>En tanto, para las econom\u00edas de Centroam\u00e9rica se espera una tasa de crecimiento de 3,9 %, cifra inferior a la registrada en 2015 (4,3 %).<\/p>\n<p>Agrega el comunicado que si se toma Centroam\u00e9rica m\u00e1s M\u00e9xico las proyecciones para 2016 son de 2,6 %, por debajo del 2,9 % registrado en 2015.<\/p>\n<p>Para el Caribe de habla inglesa u holandesa se estima un crecimiento en torno a 0,9 % en 2016.<\/p>\n<p>Este nuevo escenario para las econom\u00edas del norte de Am\u00e9rica Latina y el Caribe refleja una recuperaci\u00f3n menor a la anticipada en Estados Unidos y da cuenta de los efectos de ajustes en las pol\u00edticas fiscales que han sido adoptados en algunas econom\u00edas de esta sub-regi\u00f3n, seg\u00fan la CEPAL.<b><\/b><\/p>\n<p><b> <\/b><b><\/b><b>Dinamizar<\/b><\/p>\n<p>Asegura que revertir la actual fase de desaceleraci\u00f3n y dinamizar el crecimiento en la coyuntura actual impone una serie de retos para las econom\u00edas de la regi\u00f3n.<\/p>\n<p>Por una parte es esencial dinamizar la inversi\u00f3n e incrementar la productividad para retomar una senda de crecimiento sostenido y sustentable en el largo plazo.<\/p>\n<p>Asimismo, se deben hacer esfuerzos para proteger los avances sociales logrados en a\u00f1os recientes e impedir retrocesos ante el escenario de menor crecimiento econ\u00f3mico.<\/p>\n<p>En este contexto, el organismo se\u00f1ala que se requieren pol\u00edticas que sostengan la inversi\u00f3n social y productiva en un marco de ajustes fiscales inteligentes.<\/p>\n<p>La CEPAL agrega que se debe procurar la sostenibilidad de las finanzas p\u00fablicas de la regi\u00f3n, con pol\u00edticas que tomen en cuenta tanto el impacto sobre la capacidad de crecimiento en el largo plazo, como sobre las condiciones sociales de los habitantes de la regi\u00f3n.<\/p>\n<\/div>\n<\/div>\n","protected":false},"excerpt":{"rendered":"<p>SANTIAGO DE CHILE. La Comisi\u00f3n Econ\u00f3mica para Am\u00e9rica Latina y el Caribe (CEPAL) revis\u00f3 a la baja las proyecciones de crecimiento de la actividad econ\u00f3mica de la regi\u00f3n y espera una contracci\u00f3n promedio de -0,6 % en Am\u00e9rica Latina y el Caribe para 2016, inform\u00f3 hoy el organismo de las Naciones Unidas. Con esta nueva [&hellip;]<\/p>\n","protected":false},"author":13240,"featured_media":46854,"comment_status":"open","ping_status":"open","sticky":false,"template":"","format":"standard","meta":{"footnotes":""},"categories":[63,40],"tags":[],"class_list":["post-46848","post","type-post","status-publish","format-standard","has-post-thumbnail","hentry","category-economia","category-internacionales"],"_links":{"self":[{"href":"https:\/\/2horizontes.com\/index.php?rest_route=\/wp\/v2\/posts\/46848","targetHints":{"allow":["GET"]}}],"collection":[{"href":"https:\/\/2horizontes.com\/index.php?rest_route=\/wp\/v2\/posts"}],"about":[{"href":"https:\/\/2horizontes.com\/index.php?rest_route=\/wp\/v2\/types\/post"}],"author":[{"embeddable":true,"href":"https:\/\/2horizontes.com\/index.php?rest_route=\/wp\/v2\/users\/13240"}],"replies":[{"embeddable":true,"href":"https:\/\/2horizontes.com\/index.php?rest_route=%2Fwp%2Fv2%2Fcomments&post=46848"}],"version-history":[{"count":3,"href":"https:\/\/2horizontes.com\/index.php?rest_route=\/wp\/v2\/posts\/46848\/revisions"}],"predecessor-version":[{"id":46855,"href":"https:\/\/2horizontes.com\/index.php?rest_route=\/wp\/v2\/posts\/46848\/revisions\/46855"}],"wp:featuredmedia":[{"embeddable":true,"href":"https:\/\/2horizontes.com\/index.php?rest_route=\/wp\/v2\/media\/46854"}],"wp:attachment":[{"href":"https:\/\/2horizontes.com\/index.php?rest_route=%2Fwp%2Fv2%2Fmedia&parent=46848"}],"wp:term":[{"taxonomy":"category","embeddable":true,"href":"https:\/\/2horizontes.com\/index.php?rest_route=%2Fwp%2Fv2%2Fcategories&post=46848"},{"taxonomy":"post_tag","embeddable":true,"href":"https:\/\/2horizontes.com\/index.php?rest_route=%2Fwp%2Fv2%2Ftags&post=46848"}],"curies":[{"name":"wp","href":"https:\/\/api.w.org\/{rel}","templated":true}]}}