{"id":46803,"date":"2016-04-08T18:55:45","date_gmt":"2016-04-08T17:55:45","guid":{"rendered":"http:\/\/2horizontes.com\/?p=46803"},"modified":"2016-04-08T18:55:45","modified_gmt":"2016-04-08T17:55:45","slug":"rafael-dudamel-me-siento-preparado-para-el-desafio-vinotinto","status":"publish","type":"post","link":"https:\/\/2horizontes.com\/?p=46803","title":{"rendered":"Rafael Dudamel: Me siento preparado para el desaf\u00edo Vinotinto"},"content":{"rendered":"<p>Rafael Dudamel fue presentado este viernes por la Federaci\u00f3n Venezolana de F\u00fatbol (FVF), como el nuevo director t\u00e9cnico de La Vinotinto.<\/p>\n<p>A prop\u00f3sito de ello, el exarquero public\u00f3 el primer grupo, conformado por 40 futbolistas, con los cuales trabajar\u00e1 para definir la plantilla final que jugar\u00e1 en la Copa Am\u00e9rica Centenario, pr\u00f3xima a celebrarse en junio de este a\u00f1o.<\/p>\n<p>Posteriormente, este grupo se reducir\u00e1 a 23 jugadores definitivos que disputar\u00e1n en el torneo internacional.<br \/>\nEntre los preseleccionados destaca Daniel Hern\u00e1ndez, Roberto Rosales, Tom\u00e1s Rinc\u00f3n, Christian Santos, Salom\u00f3n Rond\u00f3n y Adalberto Pe\u00f1aranda.<\/p>\n<p>Dudamel, en su presentaci\u00f3n oficial a la prensa desde el Lidotel de Caracas, exigi\u00f3 respeto hacia la selecci\u00f3n y pidi\u00f3 enfocar los esfuerzos en construir pa\u00eds antes de criticar a la Vinotinto.<\/p>\n<p>Adem\u00e1s, dijo que est\u00e1 convencido \u00abde la calidad de los futbolistas para revertir la situaci\u00f3n en la que se encuentra la selecci\u00f3n, que ocupa el \u00faltimo lugar en la clasificaci\u00f3n para el Mundial de Rusia 2018\u00bb.<\/p>\n<p>El yaracuyano asumi\u00f3 el cargo abandonado por Noel Sanvicente, junto al presidente de la Federaci\u00f3n Venezolana de F\u00fatbol (FVF), Laureano Gonz\u00e1lez y apunt\u00f3 que se siente listo y preparado para el desaf\u00edo Vinotinto.<\/p>\n<p>Me conozco mejor los pasillos del f\u00fatbol venezolano que los de mi casa (&#8230;) Me siento listo y preparado para este desaf\u00edo (&#8230;) Agradezco a todos los que me han apoyado, y a los que no, trabajar\u00e9 para demostrar por qu\u00e9 me escogieron\u201d, indic\u00f3 el timonel.<br \/>\nPlan de trabajo.<\/p>\n<p>Se\u00f1al\u00f3 que en el m\u00f3dulo de trabajo se realizar\u00e1 una selecci\u00f3n mixta, con jugadores de la sub 20 y algunos de la selecci\u00f3n mayor y posteriormente se tendr\u00e1 m\u00f3dulos a finales de abril y en mayo.<\/p>\n","protected":false},"excerpt":{"rendered":"<p>Rafael Dudamel fue presentado este viernes por la Federaci\u00f3n Venezolana de F\u00fatbol (FVF), como el nuevo director t\u00e9cnico de La Vinotinto. A prop\u00f3sito de ello, el exarquero public\u00f3 el primer grupo, conformado por 40 futbolistas, con los cuales trabajar\u00e1 para definir la plantilla final que jugar\u00e1 en la Copa Am\u00e9rica Centenario, pr\u00f3xima a celebrarse en [&hellip;]<\/p>\n","protected":false},"author":3,"featured_media":46804,"comment_status":"open","ping_status":"open","sticky":false,"template":"","format":"standard","meta":{"footnotes":""},"categories":[42],"tags":[],"class_list":["post-46803","post","type-post","status-publish","format-standard","has-post-thumbnail","hentry","category-deportes"],"_links":{"self":[{"href":"https:\/\/2horizontes.com\/index.php?rest_route=\/wp\/v2\/posts\/46803","targetHints":{"allow":["GET"]}}],"collection":[{"href":"https:\/\/2horizontes.com\/index.php?rest_route=\/wp\/v2\/posts"}],"about":[{"href":"https:\/\/2horizontes.com\/index.php?rest_route=\/wp\/v2\/types\/post"}],"author":[{"embeddable":true,"href":"https:\/\/2horizontes.com\/index.php?rest_route=\/wp\/v2\/users\/3"}],"replies":[{"embeddable":true,"href":"https:\/\/2horizontes.com\/index.php?rest_route=%2Fwp%2Fv2%2Fcomments&post=46803"}],"version-history":[{"count":1,"href":"https:\/\/2horizontes.com\/index.php?rest_route=\/wp\/v2\/posts\/46803\/revisions"}],"predecessor-version":[{"id":46805,"href":"https:\/\/2horizontes.com\/index.php?rest_route=\/wp\/v2\/posts\/46803\/revisions\/46805"}],"wp:featuredmedia":[{"embeddable":true,"href":"https:\/\/2horizontes.com\/index.php?rest_route=\/wp\/v2\/media\/46804"}],"wp:attachment":[{"href":"https:\/\/2horizontes.com\/index.php?rest_route=%2Fwp%2Fv2%2Fmedia&parent=46803"}],"wp:term":[{"taxonomy":"category","embeddable":true,"href":"https:\/\/2horizontes.com\/index.php?rest_route=%2Fwp%2Fv2%2Fcategories&post=46803"},{"taxonomy":"post_tag","embeddable":true,"href":"https:\/\/2horizontes.com\/index.php?rest_route=%2Fwp%2Fv2%2Ftags&post=46803"}],"curies":[{"name":"wp","href":"https:\/\/api.w.org\/{rel}","templated":true}]}}