{"id":46797,"date":"2016-04-08T18:44:57","date_gmt":"2016-04-08T17:44:57","guid":{"rendered":"http:\/\/2horizontes.com\/?p=46797"},"modified":"2016-04-08T18:44:57","modified_gmt":"2016-04-08T17:44:57","slug":"aumentan-las-presiones-para-que-se-aprueben-la-adopciones-homoparentales-en-ecuador","status":"publish","type":"post","link":"https:\/\/2horizontes.com\/?p=46797","title":{"rendered":"Aumentan las presiones para que se aprueben la adopciones homoparentales en Ecuador"},"content":{"rendered":"<p>La semana pasada os est\u00e1bamos informando de c\u00f3mo una pareja de lesbianas hab\u00edan conseguido inscribir a la hija de ambas en el Registro Civil de la ciudad ecuatoriana de Quito.<\/p>\n<p>Ellas, que son originales de Reino Unido, viven en Ecuador desde hace a\u00f1os y como quieren seguir aqu\u00ed, tambi\u00e9n quer\u00edan que su hija formara parte legal de la familia que son.<\/p>\n<p>Estas chicas parecen haber abierto la veda en Ecuador al lograr que se les reconozcan sus derechos, ya que ahora las presiones que se est\u00e1n haciendo al gobierno ecuatoriano para que reconozca las adopciones homoparentales son mucho m\u00e1s grandes.<\/p>\n<p>En una entrevista a los medios, las chicas ya hablaron de que en parte esperan que su situaci\u00f3n merezca la pena para marcar un antes y un despu\u00e9s en la historia de las adopciones.<\/p>\n<p>Las parejas homosexuales en Ecuador no tienen por ahora este derecho salvo justas excepciones y lo que se est\u00e1 buscando es que se generalice y se consigan buenos resultados. Sin embargo, a pesar de la presi\u00f3n ejercida, tal y como est\u00e1 todo, imaginamos que todav\u00eda ser\u00e1 muy complicado poner fin a esto.<\/p>\n<p>Rafael Correa, presidente de Ecuador, relat\u00f3 el pasado a\u00f1o 2013 p\u00fablicamente lo siguiente: \u00abNo estoy de acuerdo con la adopci\u00f3n de ni\u00f1os por parte de parejas del mismo sexo, porque creo que la naturaleza algo de raz\u00f3n debe de tener y que los ni\u00f1os deben estar en familia tradicional, confortada por hombre y mujer\u00bb Sabido esto, el cambio vendr\u00e1 pero muy poco a poco.<\/p>\n","protected":false},"excerpt":{"rendered":"<p>La semana pasada os est\u00e1bamos informando de c\u00f3mo una pareja de lesbianas hab\u00edan conseguido inscribir a la hija de ambas en el Registro Civil de la ciudad ecuatoriana de Quito. Ellas, que son originales de Reino Unido, viven en Ecuador desde hace a\u00f1os y como quieren seguir aqu\u00ed, tambi\u00e9n quer\u00edan que su hija formara parte [&hellip;]<\/p>\n","protected":false},"author":3,"featured_media":46798,"comment_status":"open","ping_status":"open","sticky":false,"template":"","format":"standard","meta":{"footnotes":""},"categories":[57],"tags":[],"class_list":["post-46797","post","type-post","status-publish","format-standard","has-post-thumbnail","hentry","category-mundo-gay"],"_links":{"self":[{"href":"https:\/\/2horizontes.com\/index.php?rest_route=\/wp\/v2\/posts\/46797","targetHints":{"allow":["GET"]}}],"collection":[{"href":"https:\/\/2horizontes.com\/index.php?rest_route=\/wp\/v2\/posts"}],"about":[{"href":"https:\/\/2horizontes.com\/index.php?rest_route=\/wp\/v2\/types\/post"}],"author":[{"embeddable":true,"href":"https:\/\/2horizontes.com\/index.php?rest_route=\/wp\/v2\/users\/3"}],"replies":[{"embeddable":true,"href":"https:\/\/2horizontes.com\/index.php?rest_route=%2Fwp%2Fv2%2Fcomments&post=46797"}],"version-history":[{"count":1,"href":"https:\/\/2horizontes.com\/index.php?rest_route=\/wp\/v2\/posts\/46797\/revisions"}],"predecessor-version":[{"id":46799,"href":"https:\/\/2horizontes.com\/index.php?rest_route=\/wp\/v2\/posts\/46797\/revisions\/46799"}],"wp:featuredmedia":[{"embeddable":true,"href":"https:\/\/2horizontes.com\/index.php?rest_route=\/wp\/v2\/media\/46798"}],"wp:attachment":[{"href":"https:\/\/2horizontes.com\/index.php?rest_route=%2Fwp%2Fv2%2Fmedia&parent=46797"}],"wp:term":[{"taxonomy":"category","embeddable":true,"href":"https:\/\/2horizontes.com\/index.php?rest_route=%2Fwp%2Fv2%2Fcategories&post=46797"},{"taxonomy":"post_tag","embeddable":true,"href":"https:\/\/2horizontes.com\/index.php?rest_route=%2Fwp%2Fv2%2Ftags&post=46797"}],"curies":[{"name":"wp","href":"https:\/\/api.w.org\/{rel}","templated":true}]}}