{"id":46794,"date":"2016-04-08T18:41:44","date_gmt":"2016-04-08T17:41:44","guid":{"rendered":"http:\/\/2horizontes.com\/?p=46794"},"modified":"2016-04-08T18:41:44","modified_gmt":"2016-04-08T17:41:44","slug":"samanta-villar-mama-de-mellizos","status":"publish","type":"post","link":"https:\/\/2horizontes.com\/?p=46794","title":{"rendered":"Samanta Villar, mam\u00e1 de mellizos"},"content":{"rendered":"<p>Los beb\u00e9s pesaron poco m\u00e1s de dos kilos al nacer, pero ya est\u00e1n cogiendo peso. La presentadora, de 40 a\u00f1os, que se retir\u00f3 moment\u00e1neamente de la televisi\u00f3n para llevar adelante su embarazo, vivi\u00f3 un parto natural y a los tres d\u00edas ya estaba en casa.<\/p>\n<p>Samanta y Ra\u00fal Calabria contrajeron matrimonio el pasado 26 de septiembre en el ayuntamiento de Castelldefels, tras de varios a\u00f1os de noviazgo.<\/p>\n","protected":false},"excerpt":{"rendered":"<p>Los beb\u00e9s pesaron poco m\u00e1s de dos kilos al nacer, pero ya est\u00e1n cogiendo peso. La presentadora, de 40 a\u00f1os, que se retir\u00f3 moment\u00e1neamente de la televisi\u00f3n para llevar adelante su embarazo, vivi\u00f3 un parto natural y a los tres d\u00edas ya estaba en casa. Samanta y Ra\u00fal Calabria contrajeron matrimonio el pasado 26 de [&hellip;]<\/p>\n","protected":false},"author":3,"featured_media":46795,"comment_status":"open","ping_status":"open","sticky":false,"template":"","format":"standard","meta":{"footnotes":""},"categories":[1,85],"tags":[],"class_list":["post-46794","post","type-post","status-publish","format-standard","has-post-thumbnail","hentry","category-entretenimiento","category-espana"],"_links":{"self":[{"href":"https:\/\/2horizontes.com\/index.php?rest_route=\/wp\/v2\/posts\/46794","targetHints":{"allow":["GET"]}}],"collection":[{"href":"https:\/\/2horizontes.com\/index.php?rest_route=\/wp\/v2\/posts"}],"about":[{"href":"https:\/\/2horizontes.com\/index.php?rest_route=\/wp\/v2\/types\/post"}],"author":[{"embeddable":true,"href":"https:\/\/2horizontes.com\/index.php?rest_route=\/wp\/v2\/users\/3"}],"replies":[{"embeddable":true,"href":"https:\/\/2horizontes.com\/index.php?rest_route=%2Fwp%2Fv2%2Fcomments&post=46794"}],"version-history":[{"count":1,"href":"https:\/\/2horizontes.com\/index.php?rest_route=\/wp\/v2\/posts\/46794\/revisions"}],"predecessor-version":[{"id":46796,"href":"https:\/\/2horizontes.com\/index.php?rest_route=\/wp\/v2\/posts\/46794\/revisions\/46796"}],"wp:featuredmedia":[{"embeddable":true,"href":"https:\/\/2horizontes.com\/index.php?rest_route=\/wp\/v2\/media\/46795"}],"wp:attachment":[{"href":"https:\/\/2horizontes.com\/index.php?rest_route=%2Fwp%2Fv2%2Fmedia&parent=46794"}],"wp:term":[{"taxonomy":"category","embeddable":true,"href":"https:\/\/2horizontes.com\/index.php?rest_route=%2Fwp%2Fv2%2Fcategories&post=46794"},{"taxonomy":"post_tag","embeddable":true,"href":"https:\/\/2horizontes.com\/index.php?rest_route=%2Fwp%2Fv2%2Ftags&post=46794"}],"curies":[{"name":"wp","href":"https:\/\/api.w.org\/{rel}","templated":true}]}}