{"id":46762,"date":"2016-04-08T10:31:26","date_gmt":"2016-04-08T09:31:26","guid":{"rendered":"http:\/\/2horizontes.com\/?p=46762"},"modified":"2016-04-08T10:31:26","modified_gmt":"2016-04-08T09:31:26","slug":"cuba-fidel-castro-reaparece-en-publico-por-primera-vez-desde-julio-pasado","status":"publish","type":"post","link":"https:\/\/2horizontes.com\/?p=46762","title":{"rendered":"Cuba: Fidel Castro reaparece en p\u00fablico por primera vez desde julio pasado"},"content":{"rendered":"<div class=\"story-body__mini-info-list-and-share\">\n<p>Despu\u00e9s de nueve meses sin aparecer en un acto p\u00fablico, Fidel Castro particip\u00f3 este jueves en un homenaje a Vilma Esp\u00edn, esposa de su hermano Ra\u00fal fallecida en 2007, considerada una hero\u00edna de la revoluci\u00f3n cubana.<\/p>\n<\/div>\n<div class=\"story-body__inner\">\n<p>Castro visit\u00f3 el complejo educativo \u00abVilma Esp\u00edn\u00bb de La Habana, donde mantuvo un encuentro con estudiantes y profesores, seg\u00fan las im\u00e1genes transmitidas en la televisi\u00f3n estatal cubana.<\/p>\n<figure class=\"media-landscape has-caption body-narrow-width\"><span class=\"image-and-copyright-container\"><img loading=\"lazy\" decoding=\"async\" class=\"responsive-image__img js-image-replace alignleft\" src=\"http:\/\/ichef-1.bbci.co.uk\/news\/ws\/304\/amz\/worldservice\/live\/assets\/images\/2016\/04\/08\/160408030045_sp_fidel_castro_vilma_espin_16_abril_1998_304x171_getty_nocredit.jpg\" alt=\"Fidel Castro y Vilmpa Esp\u00edn\" width=\"304\" height=\"171\" data-highest-encountered-width=\"304\" \/><\/span><figcaption class=\"media-caption\"><span class=\"media-caption__text\">Vilma Esp\u00edn (izda) y Fidel Castro (dcha) en una foto de archivo durante un evento dedicado a la mujer en 1998.<\/span><\/figcaption><\/figure>\n<p>Vilma Esp\u00edn, que muri\u00f3 en 2007 a los 77 a\u00f1os a causa de una larga enfermedad, es considerada una hero\u00edna de la revoluci\u00f3n cubana que lider\u00f3 Fidel Castro.<\/p>\n<p>\u00abYo estoy seguro que <strong>un d\u00eda como hoy Vilma estar\u00eda muy contenta porque estar\u00eda viendo por qu\u00e9 sacrific\u00f3 su vida<\/strong>\u00ab, dijo Fidel Castro, que destac\u00f3 la labor de Esp\u00edn en favor de la educaci\u00f3n.<\/p>\n<ul class=\"story-body__unordered-list\">\n<li class=\"story-body__list-item\">Fidel Castro reaparece en p\u00fablico despu\u00e9s de m\u00e1s de un a\u00f1o<\/li>\n<\/ul>\n<p>Su visita se enmarca en la celebraci\u00f3n del 86 aniversario del nacimiento de Vilma Esp\u00edn, quien fund\u00f3 la Federaci\u00f3n de Mujeres Cubanas (FMC) y ejerci\u00f3 un papel influyente en el gobierno desde el triunfo de la Revoluci\u00f3n cubana en 1959.<\/p>\n<p>Castro vest\u00eda una chaqueta deportiva blanca con peque\u00f1as franjas oscuras, una gorra de b\u00e9isbol azul y su voz se escuchaba ronca, seg\u00fan inform\u00f3 Reuters.<\/p>\n<h2 class=\"story-body__crosshead\">Apariciones contadas<\/h2>\n<p>La \u00faltima vez que Fidel apareci\u00f3 en un acto p\u00fablico fue en julio del 2015 cuando particip\u00f3 en una entrega de diplomas a funcionarios de las <strong>Fuerzas Armadas y el Ministerio del Interior<\/strong>.<\/p>\n<figure class=\"media-landscape has-caption full-width\"><span class=\"image-and-copyright-container\"><img loading=\"lazy\" decoding=\"async\" class=\"responsive-image__img js-image-replace alignleft\" src=\"http:\/\/ichef-1.bbci.co.uk\/news\/ws\/624\/amz\/worldservice\/live\/assets\/images\/2016\/04\/08\/160408050923_sp_fidel_castro_homenaje_vilma_espin_624x351_afp_nocredit.jpg\" alt=\"Fidel Castro con alumnos y maestros del complejo educativo \" width=\"624\" height=\"351\" data-highest-encountered-width=\"624\" \/><\/span>Fidel Castro habl\u00f3 con maestros y alumnos del complejo educativo \u00abVilma Esp\u00edn\u00bb.<\/figure>\n<p>Son poco habituales las intervenciones de Castro en actos p\u00fablicos, que sean transmitidos en televisi\u00f3n.<\/p>\n<p>Sin embargo, desde que <strong>dej\u00f3 el poder en 2006<\/strong> debido a una grave enfermedad, ha recibido en privado algunos mandatarios extranjeros o personalidades internacionales que visitan la isla.<\/p>\n<p>El pasado febrero se reuni\u00f3 con el patriarca de la Iglesia ortodoxa rusa, Kyril, y en marzo con el presidente de Venezuela, Nicol\u00e1s Maduro.<\/p>\n<\/div>\n","protected":false},"excerpt":{"rendered":"<p>Despu\u00e9s de nueve meses sin aparecer en un acto p\u00fablico, Fidel Castro particip\u00f3 este jueves en un homenaje a Vilma Esp\u00edn, esposa de su hermano Ra\u00fal fallecida en 2007, considerada una hero\u00edna de la revoluci\u00f3n cubana. Castro visit\u00f3 el complejo educativo \u00abVilma Esp\u00edn\u00bb de La Habana, donde mantuvo un encuentro con estudiantes y profesores, seg\u00fan [&hellip;]<\/p>\n","protected":false},"author":1,"featured_media":46763,"comment_status":"open","ping_status":"open","sticky":false,"template":"","format":"standard","meta":{"footnotes":""},"categories":[49,43],"tags":[],"class_list":["post-46762","post","type-post","status-publish","format-standard","has-post-thumbnail","hentry","category-cuba","category-politica"],"_links":{"self":[{"href":"https:\/\/2horizontes.com\/index.php?rest_route=\/wp\/v2\/posts\/46762","targetHints":{"allow":["GET"]}}],"collection":[{"href":"https:\/\/2horizontes.com\/index.php?rest_route=\/wp\/v2\/posts"}],"about":[{"href":"https:\/\/2horizontes.com\/index.php?rest_route=\/wp\/v2\/types\/post"}],"author":[{"embeddable":true,"href":"https:\/\/2horizontes.com\/index.php?rest_route=\/wp\/v2\/users\/1"}],"replies":[{"embeddable":true,"href":"https:\/\/2horizontes.com\/index.php?rest_route=%2Fwp%2Fv2%2Fcomments&post=46762"}],"version-history":[{"count":1,"href":"https:\/\/2horizontes.com\/index.php?rest_route=\/wp\/v2\/posts\/46762\/revisions"}],"predecessor-version":[{"id":46764,"href":"https:\/\/2horizontes.com\/index.php?rest_route=\/wp\/v2\/posts\/46762\/revisions\/46764"}],"wp:featuredmedia":[{"embeddable":true,"href":"https:\/\/2horizontes.com\/index.php?rest_route=\/wp\/v2\/media\/46763"}],"wp:attachment":[{"href":"https:\/\/2horizontes.com\/index.php?rest_route=%2Fwp%2Fv2%2Fmedia&parent=46762"}],"wp:term":[{"taxonomy":"category","embeddable":true,"href":"https:\/\/2horizontes.com\/index.php?rest_route=%2Fwp%2Fv2%2Fcategories&post=46762"},{"taxonomy":"post_tag","embeddable":true,"href":"https:\/\/2horizontes.com\/index.php?rest_route=%2Fwp%2Fv2%2Ftags&post=46762"}],"curies":[{"name":"wp","href":"https:\/\/api.w.org\/{rel}","templated":true}]}}