{"id":46750,"date":"2016-04-08T01:53:35","date_gmt":"2016-04-08T00:53:35","guid":{"rendered":"http:\/\/2horizontes.com\/?p=46750"},"modified":"2016-04-08T01:53:35","modified_gmt":"2016-04-08T00:53:35","slug":"mauricio-macri-se-presentara-ante-la-justicia-por-el-caso-de-papeles-de-panama","status":"publish","type":"post","link":"https:\/\/2horizontes.com\/?p=46750","title":{"rendered":"Mauricio Macri se presentar\u00e1 ante la Justicia por el caso de papeles de Panam\u00e1"},"content":{"rendered":"<p>El presidente de Argentina Mauricio Macri dijo hoy que se presentar\u00e1 ma\u00f1ana ante la Justicia por los papeles de Panam\u00e1, ya que no tiene \u201cnada que ocultar\u201d.<\/p>\n<p>El mandatario presentar\u00e1 una \u201cdeclaraci\u00f3n de certeza\u201d ante la Justicia para que corroboren que no hubo \u201comisi\u00f3n maliciosa\u201d en la preparaci\u00f3n de su declaraci\u00f3n jurada, como fue denunciado.<\/p>\n<p>As\u00ed, el Presidente intentar\u00e1 despejar las dudas creadas a partir de su menci\u00f3n en la investigaci\u00f3n global sobre empresas offshore creadas en para\u00edsos fiscales.<\/p>\n<p>Seg\u00fan la investigaci\u00f3n, de la que particip\u00f3 <em>La Naci\u00f3n<\/em>, el Presidente figura como director de Fleg Trading, una empresa creada por la sociedad Mossack Fonseca en las islas Bahamas. La empresa no figura en sus declaraciones juradas.<\/p>\n<p>Macri hab\u00eda declarado que al no ser accionista, y no percibir ingresos por su participaci\u00f3n en la sociedad, no era necesario incluirla en su declaraci\u00f3n. Hoy reiter\u00f3 estos argumentos.<\/p>\n<p>El mandatario fue hoy imputado por su participaci\u00f3n en Fleg Trading. \u201cEstoy muy tranquilo, he cumplido con la ley. No tengo nada que ocultar\u201d, dijo hoy Macri durante un acto en el Sal\u00f3n Blanco de Casa Rosada.<\/p>\n<p>El acto fue en realidad convocado para anunciar el env\u00edo al Congreso de un proyecto de Ley de Acceso a la Informaci\u00f3n P\u00fablica, que el Presidente vincul\u00f3 con la voluntad de \u201ctransparencia\u201d que tiene el Gobierno.<\/p>\n<p>De ser aprobada en el Congreso, la ley de acceso a la informaci\u00f3n p\u00fablica implicar\u00eda que cualquier ciudadano podr\u00e1 solicitar informaci\u00f3n a cualquier poder del Estado y obtenerla en un plazo no mayor a 15 d\u00edas.<\/p>\n<p>Por otro lado, Macri anunci\u00f3 que arm\u00f3 un \u201cfideicomiso ciego\u201d para que personas \u201cindependientes\u201d dispongan de todos sus bienes y lo administren mientras dure su mandato.<\/p>\n<p>\u201cLo hago porque no quiero que exista duda en nuestra relaci\u00f3n, que vos no dudes ni un instante que yo estoy ac\u00e1 para ayudarte\u201d, dijo.<\/p>\n<p>\u201cAdem\u00e1s, vamos a crear un organismo nacional para que todos los municipios y provincias participen de este nuevo gobierno abierto\u201d.<\/p>\n","protected":false},"excerpt":{"rendered":"<p>El presidente de Argentina Mauricio Macri dijo hoy que se presentar\u00e1 ma\u00f1ana ante la Justicia por los papeles de Panam\u00e1, ya que no tiene \u201cnada que ocultar\u201d. El mandatario presentar\u00e1 una \u201cdeclaraci\u00f3n de certeza\u201d ante la Justicia para que corroboren que no hubo \u201comisi\u00f3n maliciosa\u201d en la preparaci\u00f3n de su declaraci\u00f3n jurada, como fue denunciado. [&hellip;]<\/p>\n","protected":false},"author":13240,"featured_media":46496,"comment_status":"open","ping_status":"open","sticky":false,"template":"","format":"standard","meta":{"footnotes":""},"categories":[40,43],"tags":[],"class_list":["post-46750","post","type-post","status-publish","format-standard","has-post-thumbnail","hentry","category-internacionales","category-politica"],"_links":{"self":[{"href":"https:\/\/2horizontes.com\/index.php?rest_route=\/wp\/v2\/posts\/46750","targetHints":{"allow":["GET"]}}],"collection":[{"href":"https:\/\/2horizontes.com\/index.php?rest_route=\/wp\/v2\/posts"}],"about":[{"href":"https:\/\/2horizontes.com\/index.php?rest_route=\/wp\/v2\/types\/post"}],"author":[{"embeddable":true,"href":"https:\/\/2horizontes.com\/index.php?rest_route=\/wp\/v2\/users\/13240"}],"replies":[{"embeddable":true,"href":"https:\/\/2horizontes.com\/index.php?rest_route=%2Fwp%2Fv2%2Fcomments&post=46750"}],"version-history":[{"count":1,"href":"https:\/\/2horizontes.com\/index.php?rest_route=\/wp\/v2\/posts\/46750\/revisions"}],"predecessor-version":[{"id":46754,"href":"https:\/\/2horizontes.com\/index.php?rest_route=\/wp\/v2\/posts\/46750\/revisions\/46754"}],"wp:featuredmedia":[{"embeddable":true,"href":"https:\/\/2horizontes.com\/index.php?rest_route=\/wp\/v2\/media\/46496"}],"wp:attachment":[{"href":"https:\/\/2horizontes.com\/index.php?rest_route=%2Fwp%2Fv2%2Fmedia&parent=46750"}],"wp:term":[{"taxonomy":"category","embeddable":true,"href":"https:\/\/2horizontes.com\/index.php?rest_route=%2Fwp%2Fv2%2Fcategories&post=46750"},{"taxonomy":"post_tag","embeddable":true,"href":"https:\/\/2horizontes.com\/index.php?rest_route=%2Fwp%2Fv2%2Ftags&post=46750"}],"curies":[{"name":"wp","href":"https:\/\/api.w.org\/{rel}","templated":true}]}}